{"id":18772,"date":"2017-03-13T11:09:50","date_gmt":"2017-03-13T10:09:50","guid":{"rendered":"http:\/\/sw-osterfeine.de\/?p=18772"},"modified":"2017-03-13T11:09:50","modified_gmt":"2017-03-13T10:09:50","slug":"rueckrunde-fuer-unsere-jugendfussballmannschaften-beginnt","status":"publish","type":"post","link":"https:\/\/sw-osterfeine.de\/?p=18772","title":{"rendered":"R\u00fcckrunde f\u00fcr unsere Jugendfu\u00dfballmannschaften beginnt"},"content":{"rendered":"<p>Ab dem kommenden Wochenende hat die fu\u00dfballfreie Zeit auch f\u00fcr die Jugendmannschaften vom SWO endlich ein Ende.<\/p>\n<p>Nach langer Pause geht der Punktspielbetrieb wieder los und unsere Nachwuchsteams von der F- bis zur A-Jugend k\u00f6nnen endlich wieder voll durchstarten.<\/p>\n<p>Allen Mannschaften viel Erfolg in der R\u00fcckrunde!!<\/p>\n<p>&nbsp;<\/p>\n<p><strong>F-Jugend:<\/strong><\/p>\n<p>18.03, 13:00 Uhr: SWO II \u2013 TuS Lutten II<\/p>\n<p>(Trainer: Franz \u2013 Bernd Hillmann, Michi Bergmann)<\/p>\n<p>&nbsp;<\/p>\n<p>18.03, 13:00 Uhr: Handorf\/Langenberg II \u2013 SWO<\/p>\n<p>(Trainer: Philipp Rusche, Florian Fangmann, Freddy Lampe)<\/p>\n<p>&nbsp;<\/p>\n<p><strong>E-Jugend:<\/strong><\/p>\n<p>18.03, 14:00 Uhr: BW Lohne V \u2013 SWO IV<\/p>\n<p>(Trainer: Ali Decker, Felix Hackmann)<\/p>\n<p>&nbsp;<\/p>\n<p>18.03, 14:00 Uhr: SWO III \u2013 TuS Lutten II<\/p>\n<p>(Trainer: Jens Lapke, Robert Decker)<\/p>\n<p>&nbsp;<\/p>\n<p>18.03, 14:00 Uhr: BW Langf\u00f6rden II \u2013 SW Osterfeine II<\/p>\n<p>(Trainer: Hansi Lapke, Wolfgang Jacob)<\/p>\n<p>&nbsp;<\/p>\n<p>18.03, 14:00 Uhr: SWO \u2013 RW Damme II<\/p>\n<p>(Trainer: Christian Olberding, Lukas Harpenau)<\/p>\n<p>&nbsp;<\/p>\n<p><strong>D-Jugend:<\/strong><\/p>\n<p>17.03, 18:00 Uhr: SWO II \u2013 BS V\u00f6rden II<\/p>\n<p>(Trainer: Ralf Burdiek, Felix Piening)<\/p>\n<p>&nbsp;<\/p>\n<p>17.03, 18:00 Uhr: SWO \u2013 SFN Vechta<\/p>\n<p>(Trainer: Frank B\u00f6ckmann, Andreas Deters)<\/p>\n<p>&nbsp;<\/p>\n<p><strong>C\u2013Jugend:<\/strong><\/p>\n<p>18.03, 15:00 Uhr: SG Einen\/Varenesch \u2013 SWO II<\/p>\n<p>(Trainer: Matthias Pohlschneider, Felix Piening)<\/p>\n<p>&nbsp;<\/p>\n<p>18.03, 15:00 Uhr: SWO \u2013 SG Steinfeld\/M\u00fchlen II<\/p>\n<p>(Trainer: Felix Piening, Alexander Bergmann)<\/p>\n<p>&nbsp;<\/p>\n<p><strong>B-Jugend:<\/strong><\/p>\n<p>19.03, 10:30 Uhr: SWO \u2013 SG Rechterfeld\/Goldenstedt<\/p>\n<p>(Trainer: Jan \u2013 Bernd Pohlschneider, Markus Krebeck, Markus Griefing)<\/p>\n<p>&nbsp;<\/p>\n<p><strong>A-Jugend:<\/strong><\/p>\n<p>18.03, 16:30 Uhr: SWO \u2013 SW Kroge\/Ehrendorf<\/p>\n<p>(Trainer: Christian Hellebusch, Bobby Hellebusch)<\/p>\n<p>&nbsp;<\/p>\n","protected":false},"excerpt":{"rendered":"<p>Ab dem kommenden Wochenende hat die fu\u00dfballfreie Zeit auch f\u00fcr die Jugendmannschaften vom SWO endlich ein Ende. Nach langer Pause geht der Punktspielbetrieb wieder los und unsere Nachwuchsteams von der F- bis zur A-Jugend k\u00f6nnen endlich wieder voll durchstarten. Allen Mannschaften viel Erfolg in der R\u00fcckrunde!! &nbsp; F-Jugend: 18.03, 13:00 Uhr: SWO II \u2013 TuS [&hellip;]<\/p>\n","protected":false},"author":3,"featured_media":0,"comment_status":"closed","ping_status":"closed","sticky":false,"template":"","format":"standard","meta":{"footnotes":""},"categories":[3],"tags":[],"_links":{"self":[{"href":"https:\/\/sw-osterfeine.de\/index.php?rest_route=\/wp\/v2\/posts\/18772"}],"collection":[{"href":"https:\/\/sw-osterfeine.de\/index.php?rest_route=\/wp\/v2\/posts"}],"about":[{"href":"https:\/\/sw-osterfeine.de\/index.php?rest_route=\/wp\/v2\/types\/post"}],"author":[{"embeddable":true,"href":"https:\/\/sw-osterfeine.de\/index.php?rest_route=\/wp\/v2\/users\/3"}],"replies":[{"embeddable":true,"href":"https:\/\/sw-osterfeine.de\/index.php?rest_route=%2Fwp%2Fv2%2Fcomments&post=18772"}],"version-history":[{"count":3,"href":"https:\/\/sw-osterfeine.de\/index.php?rest_route=\/wp\/v2\/posts\/18772\/revisions"}],"predecessor-version":[{"id":18775,"href":"https:\/\/sw-osterfeine.de\/index.php?rest_route=\/wp\/v2\/posts\/18772\/revisions\/18775"}],"wp:attachment":[{"href":"https:\/\/sw-osterfeine.de\/index.php?rest_route=%2Fwp%2Fv2%2Fmedia&parent=18772"}],"wp:term":[{"taxonomy":"category","embeddable":true,"href":"https:\/\/sw-osterfeine.de\/index.php?rest_route=%2Fwp%2Fv2%2Fcategories&post=18772"},{"taxonomy":"post_tag","embeddable":true,"href":"https:\/\/sw-osterfeine.de\/index.php?rest_route=%2Fwp%2Fv2%2Ftags&post=18772"}],"curies":[{"name":"wp","href":"https:\/\/api.w.org\/{rel}","templated":true}]}}