{"id":18821,"date":"2017-03-20T09:30:45","date_gmt":"2017-03-20T08:30:45","guid":{"rendered":"http:\/\/sw-osterfeine.de\/?p=18821"},"modified":"2017-03-20T09:30:45","modified_gmt":"2017-03-20T08:30:45","slug":"3-quakenbruecker-hase-run","status":"publish","type":"post","link":"https:\/\/sw-osterfeine.de\/?p=18821","title":{"rendered":"3. Quakenbr\u00fccker Hase \u2013Run"},"content":{"rendered":"<p>Am Morgen sah es noch nach einer ziemlich windigen und nassen Laufveranstaltung aus. Zum Gl\u00fcck hat der Regen nachgelassen und nachdem wir unsere Nummern f\u00fcr die Sparkassen Cup Laufserie abgeholt haben konnten wir bei trockenem Wetter an den Start gehen.<\/p>\n<p>Es hatten sich insgesamt \u00fcber 300 L\u00e4ufer angemeldet und\u00a0 der Startschuss f\u00fcr den 10 Km Lauf wurde p\u00fcnktlich um 15 Uhr gegeben. Die Strecke f\u00fchrte \u00fcber zum Teilunebenen Wegen mehrfach an der Hase entlang, wo uns ein kalter Wind ins Gesicht blies.<\/p>\n<p>Dank einer sehr guten Beschilderung haben wir erfolgreich unser Ziel erreicht und kamen z\u00fcgig an Ziel. Eine kleine dynamische L\u00e4uferin hatte sich wohl noch ein wenig Kraft f\u00fcr den Zieleinlauf aufgespart und zog auf den letzten Metern an Tine und Giesela vorbei. Leider konnte Franz aufgrund einer Erk\u00e4ltung nicht an den Start gehen so dass ein internes Duell zwischen Tine und Franz auf den n\u00e4chsten Lauf verschoben werden musste.<\/p>\n<p>Nach dem Lauf ging es r\u00fcber zur Schule wo es erst mal an das K\u00fcchenbuffet ging um bei Kaffee und Kuchen auf die Siegerehrung zu warten. Es war sch\u00f6n zu sehen, dass so viele L\u00e4ufer die Aula aufgesucht haben.<\/p>\n<p>Beim Sparkassen Cup findet auch immer eine Siegerehrung f\u00fcr die entsprechenden Altersklassen statt, so dass sich Tine f\u00fcr den 1. Platz in der Klasse W30 feiern lassen konnte.<\/p>\n<p>Ergebnisse und Bilder: <!--more--><\/p>\n<p>Olaf Dickmajer\u00a0\u00a0\u00a0\u00a0\u00a0\u00a0\u00a0\u00a0\u00a0\u00a0\u00a0\u00a0\u00a0\u00a0\u00a0\u00a0 10 Km\u00a0\u00a0 53:11<\/p>\n<p>Christine Nienaber\u00a0\u00a0\u00a0\u00a0\u00a0\u00a0\u00a0\u00a0 10 Km\u00a0\u00a0 46:38<\/p>\n<p><a href=\"https:\/\/sw-osterfeine.de\/wp-content\/uploads\/2017\/03\/Quakenbr\u00fcck1.jpg\" data-rel=\"lightbox-image-0\" data-rl_title=\"\" data-rl_caption=\"\" title=\"\"><img loading=\"lazy\" decoding=\"async\" class=\"alignnone  wp-image-18822\" src=\"https:\/\/sw-osterfeine.de\/wp-content\/uploads\/2017\/03\/Quakenbr\u00fcck1.jpg\" alt=\"Quakenbr\u00fcck1\" width=\"340\" height=\"225\" srcset=\"https:\/\/sw-osterfeine.de\/wp-content\/uploads\/2017\/03\/Quakenbr\u00fcck1.jpg 800w, https:\/\/sw-osterfeine.de\/wp-content\/uploads\/2017\/03\/Quakenbr\u00fcck1-300x198.jpg 300w\" sizes=\"(max-width: 340px) 100vw, 340px\" \/><\/a> <a href=\"https:\/\/sw-osterfeine.de\/wp-content\/uploads\/2017\/03\/Quakenbr\u00fcck2.jpg\" data-rel=\"lightbox-image-1\" data-rl_title=\"\" data-rl_caption=\"\" title=\"\"><img loading=\"lazy\" decoding=\"async\" class=\"alignnone  wp-image-18823\" src=\"https:\/\/sw-osterfeine.de\/wp-content\/uploads\/2017\/03\/Quakenbr\u00fcck2.jpg\" alt=\"Quakenbr\u00fcck2\" width=\"340\" height=\"225\" srcset=\"https:\/\/sw-osterfeine.de\/wp-content\/uploads\/2017\/03\/Quakenbr\u00fcck2.jpg 800w, https:\/\/sw-osterfeine.de\/wp-content\/uploads\/2017\/03\/Quakenbr\u00fcck2-300x198.jpg 300w\" sizes=\"(max-width: 340px) 100vw, 340px\" \/><\/a> <a href=\"https:\/\/sw-osterfeine.de\/wp-content\/uploads\/2017\/03\/Quakenbr\u00fcck3.jpg\" data-rel=\"lightbox-image-2\" data-rl_title=\"\" data-rl_caption=\"\" title=\"\"><img loading=\"lazy\" decoding=\"async\" class=\"alignnone  wp-image-18824\" src=\"https:\/\/sw-osterfeine.de\/wp-content\/uploads\/2017\/03\/Quakenbr\u00fcck3.jpg\" alt=\"Quakenbr\u00fcck3\" width=\"340\" height=\"225\" srcset=\"https:\/\/sw-osterfeine.de\/wp-content\/uploads\/2017\/03\/Quakenbr\u00fcck3.jpg 800w, https:\/\/sw-osterfeine.de\/wp-content\/uploads\/2017\/03\/Quakenbr\u00fcck3-300x198.jpg 300w\" sizes=\"(max-width: 340px) 100vw, 340px\" \/><\/a>\u00a0 <a href=\"https:\/\/sw-osterfeine.de\/wp-content\/uploads\/2017\/03\/Quakenbr\u00fcck5.jpg\" data-rel=\"lightbox-image-3\" data-rl_title=\"\" data-rl_caption=\"\" title=\"\"><img loading=\"lazy\" decoding=\"async\" class=\"alignnone  wp-image-18826\" src=\"https:\/\/sw-osterfeine.de\/wp-content\/uploads\/2017\/03\/Quakenbr\u00fcck5-1024x576.jpg\" alt=\"Quakenbr\u00fcck5\" width=\"395\" height=\"222\" srcset=\"https:\/\/sw-osterfeine.de\/wp-content\/uploads\/2017\/03\/Quakenbr\u00fcck5-1024x576.jpg 1024w, https:\/\/sw-osterfeine.de\/wp-content\/uploads\/2017\/03\/Quakenbr\u00fcck5-300x168.jpg 300w, https:\/\/sw-osterfeine.de\/wp-content\/uploads\/2017\/03\/Quakenbr\u00fcck5.jpg 1600w\" sizes=\"(max-width: 395px) 100vw, 395px\" \/><\/a><\/p>\n<p><a href=\"https:\/\/sw-osterfeine.de\/wp-content\/uploads\/2017\/03\/Quakenbr\u00fcck4.jpg\" data-rel=\"lightbox-image-4\" data-rl_title=\"\" data-rl_caption=\"\" title=\"\"><img loading=\"lazy\" decoding=\"async\" class=\"alignnone  wp-image-18825\" src=\"https:\/\/sw-osterfeine.de\/wp-content\/uploads\/2017\/03\/Quakenbr\u00fcck4-576x1024.jpg\" alt=\"Quakenbr\u00fcck4\" width=\"213\" height=\"379\" srcset=\"https:\/\/sw-osterfeine.de\/wp-content\/uploads\/2017\/03\/Quakenbr\u00fcck4-576x1024.jpg 576w, https:\/\/sw-osterfeine.de\/wp-content\/uploads\/2017\/03\/Quakenbr\u00fcck4-168x300.jpg 168w, https:\/\/sw-osterfeine.de\/wp-content\/uploads\/2017\/03\/Quakenbr\u00fcck4.jpg 900w\" sizes=\"(max-width: 213px) 100vw, 213px\" \/><\/a><\/p>\n","protected":false},"excerpt":{"rendered":"<p>Am Morgen sah es noch nach einer ziemlich windigen und nassen Laufveranstaltung aus. Zum Gl\u00fcck hat der Regen nachgelassen und nachdem wir unsere Nummern f\u00fcr die Sparkassen Cup Laufserie abgeholt haben konnten wir bei trockenem Wetter an den Start gehen. Es hatten sich insgesamt \u00fcber 300 L\u00e4ufer angemeldet und\u00a0 der Startschuss f\u00fcr den 10 Km [&hellip;]<\/p>\n","protected":false},"author":3,"featured_media":0,"comment_status":"closed","ping_status":"closed","sticky":false,"template":"","format":"standard","meta":{"footnotes":""},"categories":[38],"tags":[],"_links":{"self":[{"href":"https:\/\/sw-osterfeine.de\/index.php?rest_route=\/wp\/v2\/posts\/18821"}],"collection":[{"href":"https:\/\/sw-osterfeine.de\/index.php?rest_route=\/wp\/v2\/posts"}],"about":[{"href":"https:\/\/sw-osterfeine.de\/index.php?rest_route=\/wp\/v2\/types\/post"}],"author":[{"embeddable":true,"href":"https:\/\/sw-osterfeine.de\/index.php?rest_route=\/wp\/v2\/users\/3"}],"replies":[{"embeddable":true,"href":"https:\/\/sw-osterfeine.de\/index.php?rest_route=%2Fwp%2Fv2%2Fcomments&post=18821"}],"version-history":[{"count":2,"href":"https:\/\/sw-osterfeine.de\/index.php?rest_route=\/wp\/v2\/posts\/18821\/revisions"}],"predecessor-version":[{"id":18828,"href":"https:\/\/sw-osterfeine.de\/index.php?rest_route=\/wp\/v2\/posts\/18821\/revisions\/18828"}],"wp:attachment":[{"href":"https:\/\/sw-osterfeine.de\/index.php?rest_route=%2Fwp%2Fv2%2Fmedia&parent=18821"}],"wp:term":[{"taxonomy":"category","embeddable":true,"href":"https:\/\/sw-osterfeine.de\/index.php?rest_route=%2Fwp%2Fv2%2Fcategories&post=18821"},{"taxonomy":"post_tag","embeddable":true,"href":"https:\/\/sw-osterfeine.de\/index.php?rest_route=%2Fwp%2Fv2%2Ftags&post=18821"}],"curies":[{"name":"wp","href":"https:\/\/api.w.org\/{rel}","templated":true}]}}