{"id":18862,"date":"2017-03-28T08:12:33","date_gmt":"2017-03-28T06:12:33","guid":{"rendered":"http:\/\/sw-osterfeine.de\/?p=18862"},"modified":"2017-03-28T08:23:53","modified_gmt":"2017-03-28T06:23:53","slug":"6-ibbenbuerener-klippenlauf-vom-25-03-2017","status":"publish","type":"post","link":"https:\/\/sw-osterfeine.de\/?p=18862","title":{"rendered":"6. Ibbenb\u00fcrener Klippenlauf vom 25.03.2017"},"content":{"rendered":"<p>Samstagmittag, strahlender Sonnenschein, perfektes Laufwetter, da machten sich die Osterfeiner auf den Weg nach Ibbenb\u00fcren, um die Klippen zu bezwingen, 9 Anstiege und bis zu 500 H\u00f6henmeter erwarteten uns auf der 24,7 km langen Strecke. 4 Anstiege und bis zu 240 H\u00f6henmeter auf der 12,4 km langen Strecke.<\/p>\n<p>Ein gro\u00dfes Lob geht schon mal an das Orga-Team, egal ob bei der Startnummerausgabe, beim Kuchenbuffet, die Fotografen, die Streckenposten, alle waren super gut drauf und haben gute Laune verbreitet. So machte es richtig Spa\u00df an diesem Lauf teilzunehmen, das dachten sich auch die insgesamt 1072 L\u00e4ufer, die an den Start gingen.<\/p>\n<p>Die Versorgungsst\u00e4nde waren Top, gen\u00fcgend Wasser, Tee und Nussecken waren vorhanden. An einem Stand gab es sogar einen Schnaps, aber davon haben wir Abstand genommen, wir wollten ja heile ins Ziel kommen.<\/p>\n<p>Unter den 1000 Finishern waren 4 Osterfeiner\u2026.<\/p>\n<p>&nbsp;<\/p>\n<p>Zu den Ergebnissen:<\/p>\n<p><strong>12,4 km Lauf<\/strong><\/p>\n<p>Franz Steinkamp \u00a0\u00a0\u00a0\u00a0\u00a0\u00a0\u00a0\u00a0\u00a0\u00a0\u00a0 \u00a0\u00a0\u00a0\u00a0\u00a0\u00a0\u00a0\u00a0\u00a0\u00a0\u00a0\u00a0\u00a0\u00a0\u00a0 01:01:48\u00a0\u00a0\u00a0\u00a0\u00a0\u00a0\u00a0\u00a0\u00a0\u00a0\u00a0\u00a0\u00a0\u00a0 Platz 43\u00a0\u00a0\u00a0\u00a0\u00a0\u00a0\u00a0\u00a0\u00a0\u00a0\u00a0\u00a0\u00a0\u00a0\u00a0\u00a0\u00a0\u00a0\u00a0\u00a0\u00a0\u00a0\u00a0\u00a0\u00a0\u00a0\u00a0\u00a0\u00a0\u00a0\u00a0 AK 10<\/p>\n<p>&nbsp;<\/p>\n<p><strong>24,7 km Lauf<\/strong><\/p>\n<p>Erika Hermes\u00a0\u00a0\u00a0\u00a0\u00a0\u00a0\u00a0\u00a0\u00a0\u00a0\u00a0\u00a0\u00a0\u00a0\u00a0\u00a0\u00a0\u00a0\u00a0 \u00a0\u00a0\u00a0\u00a0\u00a0\u00a0\u00a0\u00a0\u00a0\u00a0\u00a0\u00a0\u00a0\u00a0\u00a0 02:33:13\u00a0\u00a0\u00a0\u00a0\u00a0\u00a0\u00a0\u00a0\u00a0\u00a0\u00a0\u00a0\u00a0\u00a0 Platz 460\u00a0\u00a0\u00a0\u00a0\u00a0\u00a0\u00a0\u00a0\u00a0\u00a0\u00a0\u00a0\u00a0 AK 4<\/p>\n<p>Andre Brune-Suszka\u00a0\u00a0\u00a0\u00a0\u00a0\u00a0\u00a0\u00a0\u00a0\u00a0\u00a0\u00a0\u00a0\u00a0\u00a0\u00a0\u00a0\u00a0\u00a0\u00a0 02:33:13\u00a0\u00a0\u00a0\u00a0\u00a0\u00a0\u00a0\u00a0\u00a0\u00a0\u00a0\u00a0\u00a0\u00a0 Platz 461\u00a0\u00a0\u00a0\u00a0\u00a0\u00a0\u00a0\u00a0\u00a0\u00a0\u00a0\u00a0\u00a0 AK 50<\/p>\n<p>Christine Nienaber\u00a0\u00a0\u00a0\u00a0\u00a0\u00a0\u00a0\u00a0\u00a0\u00a0\u00a0\u00a0\u00a0\u00a0\u00a0\u00a0\u00a0\u00a0\u00a0\u00a0\u00a0\u00a0\u00a0\u00a0 02:33:14\u00a0\u00a0\u00a0\u00a0\u00a0\u00a0\u00a0\u00a0\u00a0\u00a0\u00a0\u00a0\u00a0\u00a0 Platz 462\u00a0\u00a0\u00a0\u00a0\u00a0\u00a0\u00a0\u00a0\u00a0\u00a0\u00a0\u00a0\u00a0 AK 5<\/p>\n<p>Ich denke, n\u00e4chstes Jahr werden wieder ein paar L\u00e4ufer aus Osterfeiner dabei sein. Der Termin steht ja schon fest, 24.03.2018.<\/p>\n<p>Der n\u00e4chste Lauf ist am 01.04.2017 in Badbergen.<\/p>\n<p>Mit sportlichem Gru\u00df<\/p>\n<p>Tine Nienaber<\/p>\n<p>Bilder:<!--more--><\/p>\n<p><a href=\"https:\/\/sw-osterfeine.de\/wp-content\/uploads\/2017\/03\/DSC_0299.jpg\" data-rel=\"lightbox-image-0\" data-rl_title=\"\" data-rl_caption=\"\" title=\"\"><img loading=\"lazy\" decoding=\"async\" class=\"alignnone  wp-image-18863\" src=\"https:\/\/sw-osterfeine.de\/wp-content\/uploads\/2017\/03\/DSC_0299.jpg\" alt=\"DSC_0299\" width=\"380\" height=\"252\" srcset=\"https:\/\/sw-osterfeine.de\/wp-content\/uploads\/2017\/03\/DSC_0299.jpg 960w, https:\/\/sw-osterfeine.de\/wp-content\/uploads\/2017\/03\/DSC_0299-300x199.jpg 300w\" sizes=\"(max-width: 380px) 100vw, 380px\" \/><\/a> <a href=\"https:\/\/sw-osterfeine.de\/wp-content\/uploads\/2017\/03\/IMG_6888.jpg\" data-rel=\"lightbox-image-1\" data-rl_title=\"\" data-rl_caption=\"\" title=\"\"><img loading=\"lazy\" decoding=\"async\" class=\"alignnone  wp-image-18864\" src=\"https:\/\/sw-osterfeine.de\/wp-content\/uploads\/2017\/03\/IMG_6888.jpg\" alt=\"IMG_6888\" width=\"380\" height=\"253\" srcset=\"https:\/\/sw-osterfeine.de\/wp-content\/uploads\/2017\/03\/IMG_6888.jpg 960w, https:\/\/sw-osterfeine.de\/wp-content\/uploads\/2017\/03\/IMG_6888-300x200.jpg 300w\" sizes=\"(max-width: 380px) 100vw, 380px\" \/><\/a> <a href=\"https:\/\/sw-osterfeine.de\/wp-content\/uploads\/2017\/03\/IMG_6889.jpg\" data-rel=\"lightbox-image-2\" data-rl_title=\"\" data-rl_caption=\"\" title=\"\"><img loading=\"lazy\" decoding=\"async\" class=\"alignnone  wp-image-18865\" src=\"https:\/\/sw-osterfeine.de\/wp-content\/uploads\/2017\/03\/IMG_6889.jpg\" alt=\"IMG_6889\" width=\"380\" height=\"253\" srcset=\"https:\/\/sw-osterfeine.de\/wp-content\/uploads\/2017\/03\/IMG_6889.jpg 960w, https:\/\/sw-osterfeine.de\/wp-content\/uploads\/2017\/03\/IMG_6889-300x200.jpg 300w\" sizes=\"(max-width: 380px) 100vw, 380px\" \/><\/a> <a href=\"https:\/\/sw-osterfeine.de\/wp-content\/uploads\/2017\/03\/IMG_6890.jpg\" data-rel=\"lightbox-image-3\" data-rl_title=\"\" data-rl_caption=\"\" title=\"\"><img loading=\"lazy\" decoding=\"async\" class=\"alignnone  wp-image-18866\" src=\"https:\/\/sw-osterfeine.de\/wp-content\/uploads\/2017\/03\/IMG_6890.jpg\" alt=\"IMG_6890\" width=\"380\" height=\"253\" srcset=\"https:\/\/sw-osterfeine.de\/wp-content\/uploads\/2017\/03\/IMG_6890.jpg 960w, https:\/\/sw-osterfeine.de\/wp-content\/uploads\/2017\/03\/IMG_6890-300x200.jpg 300w\" sizes=\"(max-width: 380px) 100vw, 380px\" \/><\/a> <a href=\"https:\/\/sw-osterfeine.de\/wp-content\/uploads\/2017\/03\/IMG_6891.jpg\" data-rel=\"lightbox-image-4\" data-rl_title=\"\" data-rl_caption=\"\" title=\"\"><img loading=\"lazy\" decoding=\"async\" class=\"alignnone  wp-image-18867\" src=\"https:\/\/sw-osterfeine.de\/wp-content\/uploads\/2017\/03\/IMG_6891.jpg\" alt=\"IMG_6891\" width=\"378\" height=\"252\" srcset=\"https:\/\/sw-osterfeine.de\/wp-content\/uploads\/2017\/03\/IMG_6891.jpg 960w, https:\/\/sw-osterfeine.de\/wp-content\/uploads\/2017\/03\/IMG_6891-300x200.jpg 300w\" sizes=\"(max-width: 378px) 100vw, 378px\" \/><\/a><a href=\"https:\/\/sw-osterfeine.de\/wp-content\/uploads\/2017\/03\/IMG-20170325-WA0004_1490619900934-e1490682041279.jpg\" data-rel=\"lightbox-image-5\" data-rl_title=\"\" data-rl_caption=\"\" title=\"\"><img loading=\"lazy\" decoding=\"async\" class=\"alignnone  wp-image-18873\" src=\"https:\/\/sw-osterfeine.de\/wp-content\/uploads\/2017\/03\/IMG-20170325-WA0004_1490619900934-1024x768.jpg\" alt=\"IMG-20170325-WA0004_1490619900934\" width=\"338\" height=\"253\" \/><\/a><a href=\"https:\/\/sw-osterfeine.de\/wp-content\/uploads\/2017\/03\/IMG-20170325-WA0005_1490620355814.jpg\" data-rel=\"lightbox-image-6\" data-rl_title=\"\" data-rl_caption=\"\" title=\"\"><img loading=\"lazy\" decoding=\"async\" class=\"alignnone  wp-image-18874\" src=\"https:\/\/sw-osterfeine.de\/wp-content\/uploads\/2017\/03\/IMG-20170325-WA0005_1490620355814-1024x768.jpg\" alt=\"IMG-20170325-WA0005_1490620355814\" width=\"329\" height=\"247\" \/><\/a><a href=\"https:\/\/sw-osterfeine.de\/wp-content\/uploads\/2017\/03\/IMG-20170325-WA0006_1490619900085-e1490682089771.jpg\" data-rel=\"lightbox-image-7\" data-rl_title=\"\" data-rl_caption=\"\" title=\"\"><img loading=\"lazy\" decoding=\"async\" class=\"alignnone  wp-image-18875\" src=\"https:\/\/sw-osterfeine.de\/wp-content\/uploads\/2017\/03\/IMG-20170325-WA0006_1490619900085-1024x768.jpg\" alt=\"IMG-20170325-WA0006_1490619900085\" width=\"329\" height=\"247\" \/><\/a><a href=\"https:\/\/sw-osterfeine.de\/wp-content\/uploads\/2017\/03\/IMG-20170325-WA0008_1490620387780-e1490682105159.jpg\" data-rel=\"lightbox-image-8\" data-rl_title=\"\" data-rl_caption=\"\" title=\"\"><img loading=\"lazy\" decoding=\"async\" class=\"alignnone  wp-image-18876\" src=\"https:\/\/sw-osterfeine.de\/wp-content\/uploads\/2017\/03\/IMG-20170325-WA0008_1490620387780-1024x768.jpg\" alt=\"IMG-20170325-WA0008_1490620387780\" width=\"331\" height=\"248\" \/><\/a><\/p>\n","protected":false},"excerpt":{"rendered":"<p>Samstagmittag, strahlender Sonnenschein, perfektes Laufwetter, da machten sich die Osterfeiner auf den Weg nach Ibbenb\u00fcren, um die Klippen zu bezwingen, 9 Anstiege und bis zu 500 H\u00f6henmeter erwarteten uns auf der 24,7 km langen Strecke. 4 Anstiege und bis zu 240 H\u00f6henmeter auf der 12,4 km langen Strecke. Ein gro\u00dfes Lob geht schon mal an [&hellip;]<\/p>\n","protected":false},"author":3,"featured_media":0,"comment_status":"closed","ping_status":"closed","sticky":false,"template":"","format":"standard","meta":{"footnotes":""},"categories":[38],"tags":[],"_links":{"self":[{"href":"https:\/\/sw-osterfeine.de\/index.php?rest_route=\/wp\/v2\/posts\/18862"}],"collection":[{"href":"https:\/\/sw-osterfeine.de\/index.php?rest_route=\/wp\/v2\/posts"}],"about":[{"href":"https:\/\/sw-osterfeine.de\/index.php?rest_route=\/wp\/v2\/types\/post"}],"author":[{"embeddable":true,"href":"https:\/\/sw-osterfeine.de\/index.php?rest_route=\/wp\/v2\/users\/3"}],"replies":[{"embeddable":true,"href":"https:\/\/sw-osterfeine.de\/index.php?rest_route=%2Fwp%2Fv2%2Fcomments&post=18862"}],"version-history":[{"count":4,"href":"https:\/\/sw-osterfeine.de\/index.php?rest_route=\/wp\/v2\/posts\/18862\/revisions"}],"predecessor-version":[{"id":18878,"href":"https:\/\/sw-osterfeine.de\/index.php?rest_route=\/wp\/v2\/posts\/18862\/revisions\/18878"}],"wp:attachment":[{"href":"https:\/\/sw-osterfeine.de\/index.php?rest_route=%2Fwp%2Fv2%2Fmedia&parent=18862"}],"wp:term":[{"taxonomy":"category","embeddable":true,"href":"https:\/\/sw-osterfeine.de\/index.php?rest_route=%2Fwp%2Fv2%2Fcategories&post=18862"},{"taxonomy":"post_tag","embeddable":true,"href":"https:\/\/sw-osterfeine.de\/index.php?rest_route=%2Fwp%2Fv2%2Ftags&post=18862"}],"curies":[{"name":"wp","href":"https:\/\/api.w.org\/{rel}","templated":true}]}}