{"id":18945,"date":"2017-04-12T10:29:36","date_gmt":"2017-04-12T08:29:36","guid":{"rendered":"http:\/\/sw-osterfeine.de\/?p=18945"},"modified":"2017-04-12T10:29:36","modified_gmt":"2017-04-12T08:29:36","slug":"relegation-wja-in-osterfeine","status":"publish","type":"post","link":"https:\/\/sw-osterfeine.de\/?p=18945","title":{"rendered":"Relegation WJA in Osterfeine"},"content":{"rendered":"<div>\n<div>Am 06.05.17 findet die erste Runde der Landesliga-Qualifikation statt. Nat\u00fcrlich haben wir uns f\u00fcr die Austragung beworben und erneut Gl\u00fcck gehabt: die erste Runde bestreitet unsere WJA in eigener Halle! Beginn ist Samstag, 06.05.17 um 10 Uhr. Seid dabei!\u00a0<\/div>\n<div id=\"AppleMailSignature\">Hier die Mitstreiter:<\/div>\n<\/div>\n<div>\u00a0<\/div>\n<div id=\"AppleMailSignature\"><a href=\"https:\/\/hvn-handball.liga.nu\/cgi-bin\/WebObjects\/nuLigaHBDE.woa\/wa\/groupPage?championship=HVN+Relegation+17&amp;group=211939\">https:\/\/hvn-handball.liga.nu\/cgi-bin\/WebObjects\/nuLigaHBDE.woa\/wa\/groupPage?championship=HVN+Relegation+17&amp;group=211939<\/a><\/div>\n<div id=\"AppleMailSignature\">\u00a0<\/div>\n","protected":false},"excerpt":{"rendered":"<p>Am 06.05.17 findet die erste Runde der Landesliga-Qualifikation statt. Nat\u00fcrlich haben wir uns f\u00fcr die Austragung beworben und erneut Gl\u00fcck gehabt: die erste Runde bestreitet unsere WJA in eigener Halle! Beginn ist Samstag, 06.05.17 um 10 Uhr. Seid dabei!\u00a0 Hier die Mitstreiter: \u00a0 https:\/\/hvn-handball.liga.nu\/cgi-bin\/WebObjects\/nuLigaHBDE.woa\/wa\/groupPage?championship=HVN+Relegation+17&amp;group=211939 \u00a0<\/p>\n","protected":false},"author":3,"featured_media":0,"comment_status":"closed","ping_status":"closed","sticky":false,"template":"","format":"standard","meta":{"footnotes":""},"categories":[1],"tags":[],"_links":{"self":[{"href":"https:\/\/sw-osterfeine.de\/index.php?rest_route=\/wp\/v2\/posts\/18945"}],"collection":[{"href":"https:\/\/sw-osterfeine.de\/index.php?rest_route=\/wp\/v2\/posts"}],"about":[{"href":"https:\/\/sw-osterfeine.de\/index.php?rest_route=\/wp\/v2\/types\/post"}],"author":[{"embeddable":true,"href":"https:\/\/sw-osterfeine.de\/index.php?rest_route=\/wp\/v2\/users\/3"}],"replies":[{"embeddable":true,"href":"https:\/\/sw-osterfeine.de\/index.php?rest_route=%2Fwp%2Fv2%2Fcomments&post=18945"}],"version-history":[{"count":1,"href":"https:\/\/sw-osterfeine.de\/index.php?rest_route=\/wp\/v2\/posts\/18945\/revisions"}],"predecessor-version":[{"id":18946,"href":"https:\/\/sw-osterfeine.de\/index.php?rest_route=\/wp\/v2\/posts\/18945\/revisions\/18946"}],"wp:attachment":[{"href":"https:\/\/sw-osterfeine.de\/index.php?rest_route=%2Fwp%2Fv2%2Fmedia&parent=18945"}],"wp:term":[{"taxonomy":"category","embeddable":true,"href":"https:\/\/sw-osterfeine.de\/index.php?rest_route=%2Fwp%2Fv2%2Fcategories&post=18945"},{"taxonomy":"post_tag","embeddable":true,"href":"https:\/\/sw-osterfeine.de\/index.php?rest_route=%2Fwp%2Fv2%2Ftags&post=18945"}],"curies":[{"name":"wp","href":"https:\/\/api.w.org\/{rel}","templated":true}]}}