{"id":18947,"date":"2017-04-12T14:02:39","date_gmt":"2017-04-12T12:02:39","guid":{"rendered":"http:\/\/sw-osterfeine.de\/?p=18947"},"modified":"2017-04-12T14:02:39","modified_gmt":"2017-04-12T12:02:39","slug":"osterfeine-ii-gegen-1-fc-varenesch","status":"publish","type":"post","link":"https:\/\/sw-osterfeine.de\/?p=18947","title":{"rendered":"Osterfeine II gegen 1. FC Varenesch"},"content":{"rendered":"<p><strong>Spielbericht vom 09.04.2017 <br \/>\n<\/strong><\/p>\n<p>Letzten Sonntag galt es f\u00fcr uns eine harte Nuss zu knacken: Varenesch, den Tabellenf\u00fchrer der 1. Kreisklasse, wodurch unser Ziel, hinten zu null zu spielen, utopisch erschien. Zwar waren wir durch den guten R\u00fcckrundenverlauf &#8211; vier Siege und ein Unentschieden &#8211; motiviert und entschlossen, doch unser Gegner war ungeschlagen und vor allem ohne Gegentor. Deshalb wollten wir die Ersten sein, denen es gelingt, gegen Varenesch zu treffen. Dieses gelang uns tats\u00e4chlich schon fr\u00fch: Nach einer zu kurz geratenen Ecke rutscht der Ball am 1. Pfosten durch. Er landet Felix Hackmann unverhofft vor den Fu\u00df, der ihn zum 1:0 sicher verwandelt. Und wie es in dem Sprichwort \u201eUnverhofft kommt oft\u201c hei\u00dft, kann Sebastian St\u00e4rk in der 14. Spielminute die F\u00fchrung zum 2:0 souver\u00e4n ausbauen. Der Hergang ist der Gleiche wie zum 1:0: Wieder zu kurz geratene Ecke und wieder am 1. Pfosten durchgerutscht.<\/p>\n<p>Danach scheint der Gegner erst richtig zu erwachen und beginnt uns unter Druck zu setzen. Wir halten gut dagegen und die Partie wird ziemlich ausgeglichen. Leider gelingt uns der zum endg\u00fcltigen Sieg notwendige Treffer nicht. Stattdessen folgt ein Anschlusstreffer der G\u00e4ste zum 2:1 in der zweiten Halbzeit, sodass das Spiel nicht zuletzt durch umstrittene Entscheidungen des Unparteiischen emotionsgeladener wird. Als Resultat haben die Gegner eine Gelb-Rote Karte zu verzeichnen. Wir nutzen die Gelegenheit und spielen durch sch\u00f6nen Kombinationsfu\u00dfball einige gute Chancen heraus. Darunter auch ein umstrittenes Abseitstor vom eingewechselten Philipp Schokem\u00f6hle. Ungl\u00fccklicherweise l\u00e4sst sich Varenesch nicht unterkriegen. Im Gegenteil. Nach einem fehlgeschlagenen Kl\u00e4rungsversuch im eigenen Sechzehner, erh\u00e4lt ein Gegenspieler den Ball und zirkelt ihn in der 88. Spielminute ins lange Eck zum 2:2 Endstand.<\/p>\n<p>Auch wenn ein Unentschieden gegen den Tabellenf\u00fchrer zufriedenstellend sein sollte, entspricht das Ergebnis nicht dem Spielverlauf. Wir als Mannschaft m\u00fcssen einfach lernen, uns f\u00fcr solche Spiele zu belohnen.<\/p>\n<p>Gesamtbetrachtet konnte immerhin ein Punkt gegen Varenesch eingefahren werden, sodass wir nun mit 33 Punkten den 6. Tabellenplatz belegen.<\/p>\n<p>&nbsp;<\/p>\n","protected":false},"excerpt":{"rendered":"<p>Spielbericht vom 09.04.2017 Letzten Sonntag galt es f\u00fcr uns eine harte Nuss zu knacken: Varenesch, den Tabellenf\u00fchrer der 1. Kreisklasse, wodurch unser Ziel, hinten zu null zu spielen, utopisch erschien. Zwar waren wir durch den guten R\u00fcckrundenverlauf &#8211; vier Siege und ein Unentschieden &#8211; motiviert und entschlossen, doch unser Gegner war ungeschlagen und vor allem [&hellip;]<\/p>\n","protected":false},"author":3,"featured_media":0,"comment_status":"closed","ping_status":"closed","sticky":false,"template":"","format":"standard","meta":{"footnotes":""},"categories":[3],"tags":[],"_links":{"self":[{"href":"https:\/\/sw-osterfeine.de\/index.php?rest_route=\/wp\/v2\/posts\/18947"}],"collection":[{"href":"https:\/\/sw-osterfeine.de\/index.php?rest_route=\/wp\/v2\/posts"}],"about":[{"href":"https:\/\/sw-osterfeine.de\/index.php?rest_route=\/wp\/v2\/types\/post"}],"author":[{"embeddable":true,"href":"https:\/\/sw-osterfeine.de\/index.php?rest_route=\/wp\/v2\/users\/3"}],"replies":[{"embeddable":true,"href":"https:\/\/sw-osterfeine.de\/index.php?rest_route=%2Fwp%2Fv2%2Fcomments&post=18947"}],"version-history":[{"count":1,"href":"https:\/\/sw-osterfeine.de\/index.php?rest_route=\/wp\/v2\/posts\/18947\/revisions"}],"predecessor-version":[{"id":18948,"href":"https:\/\/sw-osterfeine.de\/index.php?rest_route=\/wp\/v2\/posts\/18947\/revisions\/18948"}],"wp:attachment":[{"href":"https:\/\/sw-osterfeine.de\/index.php?rest_route=%2Fwp%2Fv2%2Fmedia&parent=18947"}],"wp:term":[{"taxonomy":"category","embeddable":true,"href":"https:\/\/sw-osterfeine.de\/index.php?rest_route=%2Fwp%2Fv2%2Fcategories&post=18947"},{"taxonomy":"post_tag","embeddable":true,"href":"https:\/\/sw-osterfeine.de\/index.php?rest_route=%2Fwp%2Fv2%2Ftags&post=18947"}],"curies":[{"name":"wp","href":"https:\/\/api.w.org\/{rel}","templated":true}]}}