{"id":19027,"date":"2017-05-02T18:50:57","date_gmt":"2017-05-02T16:50:57","guid":{"rendered":"http:\/\/sw-osterfeine.de\/?p=19027"},"modified":"2017-05-02T18:55:15","modified_gmt":"2017-05-02T16:55:15","slug":"1-damen-laden-zum-saison-abschluss-ein","status":"publish","type":"post","link":"https:\/\/sw-osterfeine.de\/?p=19027","title":{"rendered":"1.Damen laden zum Saison Abschluss ein"},"content":{"rendered":"<p><a href=\"https:\/\/sw-osterfeine.de\/wp-content\/uploads\/2017\/05\/sonntag-e1493743970896.jpg\" data-rel=\"lightbox-image-0\" data-rl_title=\"\" data-rl_caption=\"\" title=\"\"><img loading=\"lazy\" decoding=\"async\" class=\"alignnone wp-image-19028\" src=\"https:\/\/sw-osterfeine.de\/wp-content\/uploads\/2017\/05\/sonntag-1024x684.jpg\" alt=\"sonntag\" width=\"800\" height=\"534\" \/><\/a><\/p>\n<p>Am <strong>Sonntag, 07.05.17<\/strong> bestreitet unsere 1.Damenmannschaft um 15 Uhr ihr letztes Saisonspiel in der Landesliga.<\/p>\n<p>Gleich nach dem Abpfiff m\u00f6chten die Mannschaft und das Trainer Team sich bei allen Fans, Zuschauern, Ehemaligen, Verantwortlichen, G\u00f6nnern und Freunden f\u00fcr die Saison und die Unterst\u00fctzung bedanken.<\/p>\n<p>Ganz herzlich sind auch alle die eingeladen die uns \u00fcber die Jahre durch dick und d\u00fcnn begleitet sowie unterst\u00fctzt haben.<\/p>\n<p>Die Mannschaft freut sich auf viele G\u00e4ste bei festen und fl\u00fcssigen Leckereien<\/p>\n<p>Also seit dabei am Sonntag in unserem Schwarz-Wei\u00dfen Wohnzimmer.<\/p>\n","protected":false},"excerpt":{"rendered":"<p>Am Sonntag, 07.05.17 bestreitet unsere 1.Damenmannschaft um 15 Uhr ihr letztes Saisonspiel in der Landesliga. Gleich nach dem Abpfiff m\u00f6chten die Mannschaft und das Trainer Team sich bei allen Fans, Zuschauern, Ehemaligen, Verantwortlichen, G\u00f6nnern und Freunden f\u00fcr die Saison und die Unterst\u00fctzung bedanken. Ganz herzlich sind auch alle die eingeladen die uns \u00fcber die Jahre [&hellip;]<\/p>\n","protected":false},"author":3,"featured_media":0,"comment_status":"closed","ping_status":"closed","sticky":false,"template":"","format":"standard","meta":{"footnotes":""},"categories":[1],"tags":[],"_links":{"self":[{"href":"https:\/\/sw-osterfeine.de\/index.php?rest_route=\/wp\/v2\/posts\/19027"}],"collection":[{"href":"https:\/\/sw-osterfeine.de\/index.php?rest_route=\/wp\/v2\/posts"}],"about":[{"href":"https:\/\/sw-osterfeine.de\/index.php?rest_route=\/wp\/v2\/types\/post"}],"author":[{"embeddable":true,"href":"https:\/\/sw-osterfeine.de\/index.php?rest_route=\/wp\/v2\/users\/3"}],"replies":[{"embeddable":true,"href":"https:\/\/sw-osterfeine.de\/index.php?rest_route=%2Fwp%2Fv2%2Fcomments&post=19027"}],"version-history":[{"count":3,"href":"https:\/\/sw-osterfeine.de\/index.php?rest_route=\/wp\/v2\/posts\/19027\/revisions"}],"predecessor-version":[{"id":19031,"href":"https:\/\/sw-osterfeine.de\/index.php?rest_route=\/wp\/v2\/posts\/19027\/revisions\/19031"}],"wp:attachment":[{"href":"https:\/\/sw-osterfeine.de\/index.php?rest_route=%2Fwp%2Fv2%2Fmedia&parent=19027"}],"wp:term":[{"taxonomy":"category","embeddable":true,"href":"https:\/\/sw-osterfeine.de\/index.php?rest_route=%2Fwp%2Fv2%2Fcategories&post=19027"},{"taxonomy":"post_tag","embeddable":true,"href":"https:\/\/sw-osterfeine.de\/index.php?rest_route=%2Fwp%2Fv2%2Ftags&post=19027"}],"curies":[{"name":"wp","href":"https:\/\/api.w.org\/{rel}","templated":true}]}}