{"id":19253,"date":"2017-07-03T12:08:04","date_gmt":"2017-07-03T10:08:04","guid":{"rendered":"http:\/\/sw-osterfeine.de\/?p=19253"},"modified":"2017-07-03T12:08:04","modified_gmt":"2017-07-03T10:08:04","slug":"osv-ferienbetreuung-ein-voller-erfolg","status":"publish","type":"post","link":"https:\/\/sw-osterfeine.de\/?p=19253","title":{"rendered":"OSV-Ferienbetreuung ein voller Erfolg!!"},"content":{"rendered":"<p>Nahezu 60 Kinder im Grundschulalter nahmen in der vergangene Woche wieder an der bew\u00e4hrten OSV-Ferienbetreuung teil. Eine Woche lang konnten Jungen und M\u00e4dchen sich in vielf\u00e4ltiger Form sportlich bet\u00e4tigen, sich mit unz\u00e4hligen Spielformen und Spielm\u00f6glichkeiten auf dem OSV-Gel\u00e4nde austoben und auch mal in Ruhe chillen usw. F\u00fcr die Verpflegung hatten die Organisatoren wieder in bew\u00e4hrter Manier gesorgt. Organisiert wurde die Ferienbetreuung wieder von unserem FSJler Felix Piening und unserer Gesch\u00e4ftsstellenleiterin Petra B\u00f6ckerstette. Unterst\u00fctzt in der Betreuung der Kinder wurden sie dabei von einigen Freiwilligen, die ihre Ferien und freie Zeit f\u00fcr die Ferienbetreuung opferten. Daf\u00fcr Euch ein riesiges DANKESCH\u00d6N, denn es ist nicht selbstverst\u00e4ndlich, dass man seine freie Zeit f\u00fcr die Kinder und den Verein opfert.<\/p>\n<p>Auch in den kommenden Herbstferien findet wieder eine Ferienbetreuung statt. Vom 9.-13.10.2017 ist das OSV-Gel\u00e4nde dann wieder komplett von 8.00 bis 16.00 Uhr in Kinderhand und das ist sch\u00f6n so.!!!<\/p>\n","protected":false},"excerpt":{"rendered":"<p>Nahezu 60 Kinder im Grundschulalter nahmen in der vergangene Woche wieder an der bew\u00e4hrten OSV-Ferienbetreuung teil. Eine Woche lang konnten Jungen und M\u00e4dchen sich in vielf\u00e4ltiger Form sportlich bet\u00e4tigen, sich mit unz\u00e4hligen Spielformen und Spielm\u00f6glichkeiten auf dem OSV-Gel\u00e4nde austoben und auch mal in Ruhe chillen usw. F\u00fcr die Verpflegung hatten die Organisatoren wieder in bew\u00e4hrter [&hellip;]<\/p>\n","protected":false},"author":3,"featured_media":0,"comment_status":"closed","ping_status":"closed","sticky":false,"template":"","format":"standard","meta":{"footnotes":""},"categories":[37],"tags":[],"_links":{"self":[{"href":"https:\/\/sw-osterfeine.de\/index.php?rest_route=\/wp\/v2\/posts\/19253"}],"collection":[{"href":"https:\/\/sw-osterfeine.de\/index.php?rest_route=\/wp\/v2\/posts"}],"about":[{"href":"https:\/\/sw-osterfeine.de\/index.php?rest_route=\/wp\/v2\/types\/post"}],"author":[{"embeddable":true,"href":"https:\/\/sw-osterfeine.de\/index.php?rest_route=\/wp\/v2\/users\/3"}],"replies":[{"embeddable":true,"href":"https:\/\/sw-osterfeine.de\/index.php?rest_route=%2Fwp%2Fv2%2Fcomments&post=19253"}],"version-history":[{"count":1,"href":"https:\/\/sw-osterfeine.de\/index.php?rest_route=\/wp\/v2\/posts\/19253\/revisions"}],"predecessor-version":[{"id":19254,"href":"https:\/\/sw-osterfeine.de\/index.php?rest_route=\/wp\/v2\/posts\/19253\/revisions\/19254"}],"wp:attachment":[{"href":"https:\/\/sw-osterfeine.de\/index.php?rest_route=%2Fwp%2Fv2%2Fmedia&parent=19253"}],"wp:term":[{"taxonomy":"category","embeddable":true,"href":"https:\/\/sw-osterfeine.de\/index.php?rest_route=%2Fwp%2Fv2%2Fcategories&post=19253"},{"taxonomy":"post_tag","embeddable":true,"href":"https:\/\/sw-osterfeine.de\/index.php?rest_route=%2Fwp%2Fv2%2Ftags&post=19253"}],"curies":[{"name":"wp","href":"https:\/\/api.w.org\/{rel}","templated":true}]}}