{"id":19255,"date":"2017-07-05T12:51:39","date_gmt":"2017-07-05T10:51:39","guid":{"rendered":"http:\/\/sw-osterfeine.de\/?p=19255"},"modified":"2017-07-07T15:35:46","modified_gmt":"2017-07-07T13:35:46","slug":"1-voba-summer-run-in-vechta","status":"publish","type":"post","link":"https:\/\/sw-osterfeine.de\/?p=19255","title":{"rendered":"1.VoBa Summer-Run in Vechta"},"content":{"rendered":"<p>Am vergangenen Samstag pr\u00e4sentierte sich der Lauftreff aus Osterfeine mit insgesamt 15 L\u00e4ufern zum ersten Wertungslauf der neuen Volksbanken Laufserie 2017\/2018. Der Lauf wurde von 12 Azubis der regionalen Volksbanken organisiert, was den jungen Bankkaufleuten hervorragend gelungen ist. Start und Ziel an der Wunderbar ging es durch die W\u00e4lder Vechtas bei strahlendem Sonnenschein und teilweise nass-rutschigen Untergrund. Zur Auswahl standen neben 5 km und 10 km auch die Halbmarathondistanz sowie ein Sch\u00fclerlauf \u00fcber einen Kilometer. Vor dem Startschu\u00df wurden die zehn besten L\u00e4ufer der abgelaufenen Serie geehrt, auch hier hat unser Lauftreff mit 3 L\u00e4ufern gegl\u00e4nzt. Dawid wurde mit 444 Punkten neunter bei den M\u00e4nnern. Erika erreichte mit 487 Punkten den 3. Platz der Frauen und Tine konnte sogar als Erstplatzierte mit 492 Punkten den Hauptpreis entgegen nehmen. Ein toller Erfolg f\u00fcr den gesamten schwarz-wei\u00dfen Lauftreff. Genauso Erfolgreich ging es im Wettkampf weiter, neben den guten Ergebnissen stand auch kleiner pers\u00f6nlicher Erfolg im Mittelpunkt. Unsere Marina ist ihren ersten Halbmarathon gelaufen, gl\u00fccklich-ersch\u00f6pft ist sie, mit Nils an ihrer Seite, nach 2 Stunden und 15 Minuten ins Ziel gelaufen. Gl\u00fcckwunsch dazu. Ab jetzt ist alles unter 20 km ein Kinderspiel f\u00fcr dich.<\/p>\n<p>An dieser Stelle m\u00f6chte ich mal ein ganz Gro\u00dfes Dankesch\u00f6n an Franz Steinkamp und Olaf Dickmajer los werden. Ohne Euer Engagement und Euren Ehrgeiz w\u00e4re so eine Laufserie, wie Ihr sie auf die Beine gestellt habt, niemals zu Stande gekommen, ich denke dass ich f\u00fcr jeden angemeldeten Teilnehmer sprechen darf. Auch wenn es nicht immer ganz so einfach ist und viel Zeit in Anspruch nimmt, Ihr macht einen Super Job.<\/p>\n<p>&nbsp;<\/p>\n<p>Jetzt steht erst mal ein wenig Regeneration an bevor es am Freitagabend f\u00fcr einige von uns nach Bad Essen zum n\u00e4chsten Volkslauf geht.<\/p>\n<p>&nbsp;<\/p>\n<p>Ergebnisse und Billder im \u00dcberblick:<!--more--><\/p>\n<p>&nbsp;<\/p>\n<p>21 km-insgesamt 48 Finisher<\/p>\n<p>Marina Freking\u00a0\u00a0\u00a0\u00a0\u00a0\u00a0\u00a0\u00a0\u00a0\u00a0 02:15:06 Std.\u00a0 Platz 11 W<\/p>\n<p>Erika Meyer\u00a0\u00a0\u00a0\u00a0\u00a0\u00a0\u00a0\u00a0\u00a0\u00a0\u00a0\u00a0\u00a0\u00a0\u00a0 01:52:17 Std.\u00a0 Platz 4 W<\/p>\n<p>Nils Rolfsen\u00a0\u00a0\u00a0\u00a0\u00a0\u00a0\u00a0\u00a0\u00a0\u00a0\u00a0\u00a0\u00a0\u00a0 02:15:07 Std.\u00a0 Platz 37 M<\/p>\n<p>Richard Decker\u00a0\u00a0\u00a0\u00a0\u00a0\u00a0\u00a0\u00a0\u00a0 02:01:21 Std.\u00a0 Platz 21 M<\/p>\n<p>Theo M\u00f6nnich\u00a0\u00a0\u00a0\u00a0\u00a0\u00a0\u00a0\u00a0\u00a0\u00a0\u00a0 01:50:49 Std.\u00a0 Platz 23 M<\/p>\n<p>Andre Brune-Suszka\u00a0 01:50:30 Std.\u00a0 Platz 22 M<\/p>\n<p>Franz Steinkamp\u00a0\u00a0\u00a0\u00a0\u00a0\u00a0\u00a0 01:49:57 Std.\u00a0 Platz 20 M<\/p>\n<p>Matthias Haverbeck\u00a0\u00a0 01:35:41 Std.\u00a0 Platz 8 M<\/p>\n<p>&nbsp;<\/p>\n<p>10 km-insgesamt 125 Finisher<\/p>\n<p>Karola B\u00f6ckerstette\u00a0\u00a0 01:02:27 Std.\u00a0 Platz 22 W<\/p>\n<p>Zocker\u00a0\u00a0\u00a0\u00a0\u00a0\u00a0\u00a0\u00a0\u00a0\u00a0\u00a0\u00a0\u00a0\u00a0\u00a0\u00a0\u00a0\u00a0\u00a0\u00a0\u00a0\u00a0\u00a0 52:53 min.\u00a0\u00a0\u00a0\u00a0\u00a0\u00a0 Platz 57 M<\/p>\n<p>Frank Nordmann\u00a0\u00a0\u00a0\u00a0\u00a0\u00a0\u00a0 52:19 min.\u00a0\u00a0\u00a0\u00a0\u00a0\u00a0 Platz 55 M<\/p>\n<p>Andreas Deters\u00a0\u00a0\u00a0\u00a0\u00a0\u00a0\u00a0\u00a0\u00a0 50:51 min.\u00a0\u00a0\u00a0\u00a0\u00a0\u00a0 Platz 43 M<\/p>\n<p>Dawid Wadulla\u00a0\u00a0\u00a0\u00a0\u00a0\u00a0\u00a0\u00a0\u00a0 42:03 min. \u00a0\u00a0\u00a0\u00a0\u00a0 Platz 4 M<\/p>\n<p>&nbsp;<\/p>\n<p>5 km-insgesamt 65 Finisher<\/p>\n<p>Jannik Steinkamp\u00a0\u00a0\u00a0\u00a0\u00a0\u00a0 30:29 min.\u00a0\u00a0\u00a0\u00a0\u00a0\u00a0 Platz 29 M<\/p>\n<p>Dennis Steinkamp\u00a0\u00a0\u00a0\u00a0\u00a0 30:38 min.\u00a0\u00a0\u00a0\u00a0\u00a0\u00a0 Platz 30 M<\/p>\n<p>&nbsp;<\/p>\n<p><a href=\"https:\/\/sw-osterfeine.de\/wp-content\/uploads\/2017\/07\/IMG-20170705-WA0001.jpg\" data-rel=\"lightbox-image-0\" data-rl_title=\"\" data-rl_caption=\"\" title=\"\"><img loading=\"lazy\" decoding=\"async\" class=\"alignnone  wp-image-19262\" src=\"https:\/\/sw-osterfeine.de\/wp-content\/uploads\/2017\/07\/IMG-20170705-WA0001-1024x576.jpg\" alt=\"IMG-20170705-WA0001\" width=\"366\" height=\"206\" srcset=\"https:\/\/sw-osterfeine.de\/wp-content\/uploads\/2017\/07\/IMG-20170705-WA0001-1024x576.jpg 1024w, https:\/\/sw-osterfeine.de\/wp-content\/uploads\/2017\/07\/IMG-20170705-WA0001-300x168.jpg 300w, https:\/\/sw-osterfeine.de\/wp-content\/uploads\/2017\/07\/IMG-20170705-WA0001.jpg 1280w\" sizes=\"(max-width: 366px) 100vw, 366px\" \/><\/a> <a href=\"https:\/\/sw-osterfeine.de\/wp-content\/uploads\/2017\/07\/img_1641.jpg\" data-rel=\"lightbox-image-1\" data-rl_title=\"\" data-rl_caption=\"\" title=\"\"><img loading=\"lazy\" decoding=\"async\" class=\"alignnone  wp-image-19261\" src=\"https:\/\/sw-osterfeine.de\/wp-content\/uploads\/2017\/07\/img_1641.jpg\" alt=\"img_1641\" width=\"147\" height=\"206\" srcset=\"https:\/\/sw-osterfeine.de\/wp-content\/uploads\/2017\/07\/img_1641.jpg 550w, https:\/\/sw-osterfeine.de\/wp-content\/uploads\/2017\/07\/img_1641-214x300.jpg 214w\" sizes=\"(max-width: 147px) 100vw, 147px\" \/><\/a> <a href=\"https:\/\/sw-osterfeine.de\/wp-content\/uploads\/2017\/07\/img_1599.jpg\" data-rel=\"lightbox-image-2\" data-rl_title=\"\" data-rl_caption=\"\" title=\"\"><img loading=\"lazy\" decoding=\"async\" class=\"alignnone  wp-image-19260\" src=\"https:\/\/sw-osterfeine.de\/wp-content\/uploads\/2017\/07\/img_1599.jpg\" alt=\"img_1599\" width=\"286\" height=\"206\" srcset=\"https:\/\/sw-osterfeine.de\/wp-content\/uploads\/2017\/07\/img_1599.jpg 1024w, https:\/\/sw-osterfeine.de\/wp-content\/uploads\/2017\/07\/img_1599-300x215.jpg 300w\" sizes=\"(max-width: 286px) 100vw, 286px\" \/><\/a> <a href=\"https:\/\/sw-osterfeine.de\/wp-content\/uploads\/2017\/07\/img_1574.jpg\" data-rel=\"lightbox-image-3\" data-rl_title=\"\" data-rl_caption=\"\" title=\"\"><img loading=\"lazy\" decoding=\"async\" class=\"alignnone  wp-image-19259\" src=\"https:\/\/sw-osterfeine.de\/wp-content\/uploads\/2017\/07\/img_1574.jpg\" alt=\"img_1574\" width=\"168\" height=\"206\" srcset=\"https:\/\/sw-osterfeine.de\/wp-content\/uploads\/2017\/07\/img_1574.jpg 627w, https:\/\/sw-osterfeine.de\/wp-content\/uploads\/2017\/07\/img_1574-244x300.jpg 244w\" sizes=\"(max-width: 168px) 100vw, 168px\" \/><\/a> <a href=\"https:\/\/sw-osterfeine.de\/wp-content\/uploads\/2017\/07\/img_1533.jpg\" data-rel=\"lightbox-image-4\" data-rl_title=\"\" data-rl_caption=\"\" title=\"\"><img loading=\"lazy\" decoding=\"async\" class=\"alignnone  wp-image-19257\" src=\"https:\/\/sw-osterfeine.de\/wp-content\/uploads\/2017\/07\/img_1533.jpg\" alt=\"img_1533\" width=\"124\" height=\"206\" srcset=\"https:\/\/sw-osterfeine.de\/wp-content\/uploads\/2017\/07\/img_1533.jpg 462w, https:\/\/sw-osterfeine.de\/wp-content\/uploads\/2017\/07\/img_1533-180x300.jpg 180w\" sizes=\"(max-width: 124px) 100vw, 124px\" \/><\/a> <a href=\"https:\/\/sw-osterfeine.de\/wp-content\/uploads\/2017\/07\/img_1470.jpg\" data-rel=\"lightbox-image-5\" data-rl_title=\"\" data-rl_caption=\"\" title=\"\"><img loading=\"lazy\" decoding=\"async\" class=\"alignnone  wp-image-19256\" src=\"https:\/\/sw-osterfeine.de\/wp-content\/uploads\/2017\/07\/img_1470.jpg\" alt=\"img_1470\" width=\"163\" height=\"206\" srcset=\"https:\/\/sw-osterfeine.de\/wp-content\/uploads\/2017\/07\/img_1470.jpg 609w, https:\/\/sw-osterfeine.de\/wp-content\/uploads\/2017\/07\/img_1470-237x300.jpg 237w\" sizes=\"(max-width: 163px) 100vw, 163px\" \/><\/a><\/p>\n","protected":false},"excerpt":{"rendered":"<p>Am vergangenen Samstag pr\u00e4sentierte sich der Lauftreff aus Osterfeine mit insgesamt 15 L\u00e4ufern zum ersten Wertungslauf der neuen Volksbanken Laufserie 2017\/2018. Der Lauf wurde von 12 Azubis der regionalen Volksbanken organisiert, was den jungen Bankkaufleuten hervorragend gelungen ist. Start und Ziel an der Wunderbar ging es durch die W\u00e4lder Vechtas bei strahlendem Sonnenschein und teilweise [&hellip;]<\/p>\n","protected":false},"author":3,"featured_media":0,"comment_status":"closed","ping_status":"closed","sticky":false,"template":"","format":"standard","meta":{"footnotes":""},"categories":[38],"tags":[],"_links":{"self":[{"href":"https:\/\/sw-osterfeine.de\/index.php?rest_route=\/wp\/v2\/posts\/19255"}],"collection":[{"href":"https:\/\/sw-osterfeine.de\/index.php?rest_route=\/wp\/v2\/posts"}],"about":[{"href":"https:\/\/sw-osterfeine.de\/index.php?rest_route=\/wp\/v2\/types\/post"}],"author":[{"embeddable":true,"href":"https:\/\/sw-osterfeine.de\/index.php?rest_route=\/wp\/v2\/users\/3"}],"replies":[{"embeddable":true,"href":"https:\/\/sw-osterfeine.de\/index.php?rest_route=%2Fwp%2Fv2%2Fcomments&post=19255"}],"version-history":[{"count":4,"href":"https:\/\/sw-osterfeine.de\/index.php?rest_route=\/wp\/v2\/posts\/19255\/revisions"}],"predecessor-version":[{"id":19266,"href":"https:\/\/sw-osterfeine.de\/index.php?rest_route=\/wp\/v2\/posts\/19255\/revisions\/19266"}],"wp:attachment":[{"href":"https:\/\/sw-osterfeine.de\/index.php?rest_route=%2Fwp%2Fv2%2Fmedia&parent=19255"}],"wp:term":[{"taxonomy":"category","embeddable":true,"href":"https:\/\/sw-osterfeine.de\/index.php?rest_route=%2Fwp%2Fv2%2Fcategories&post=19255"},{"taxonomy":"post_tag","embeddable":true,"href":"https:\/\/sw-osterfeine.de\/index.php?rest_route=%2Fwp%2Fv2%2Ftags&post=19255"}],"curies":[{"name":"wp","href":"https:\/\/api.w.org\/{rel}","templated":true}]}}