{"id":19267,"date":"2017-07-07T15:36:58","date_gmt":"2017-07-07T13:36:58","guid":{"rendered":"http:\/\/sw-osterfeine.de\/?p=19267"},"modified":"2017-07-07T15:36:58","modified_gmt":"2017-07-07T13:36:58","slug":"nutzung-beachvolleyballplatz","status":"publish","type":"post","link":"https:\/\/sw-osterfeine.de\/?p=19267","title":{"rendered":"Nutzung Beachvolleyballplatz!"},"content":{"rendered":"<p>Wie bereits an anderer Stelle berichtet, ist auf der Beachplatzanlage des Sportvereines SW Osterfeine nun ein Beachvolleyballplatz errichtet worden. Die Nutzung ist f\u00fcr alle frei. Ob Gruppen, Mannschaften oder Einzelsportler, der Platz ist f\u00fcr alle frei zug\u00e4nglich und nutzbar. Sollten mal mehrere Gruppen gleichzeitig spielen wollen, ist die Nutzung intern zu regeln.<\/p>\n<p>In den n\u00e4chsten Tagen werden im Ballraum der Fu\u00dfballer 2 Beachvolleyb\u00e4lle zur Nutzung hinterlegt.<\/p>\n<p>Nun nichts wie hin, nutzt die sch\u00f6ne Jahreszeit zum Sport im Sand und Euch allen viel Spa\u00df.<\/p>\n<p>&nbsp;<\/p>\n","protected":false},"excerpt":{"rendered":"<p>Wie bereits an anderer Stelle berichtet, ist auf der Beachplatzanlage des Sportvereines SW Osterfeine nun ein Beachvolleyballplatz errichtet worden. Die Nutzung ist f\u00fcr alle frei. Ob Gruppen, Mannschaften oder Einzelsportler, der Platz ist f\u00fcr alle frei zug\u00e4nglich und nutzbar. Sollten mal mehrere Gruppen gleichzeitig spielen wollen, ist die Nutzung intern zu regeln. In den n\u00e4chsten [&hellip;]<\/p>\n","protected":false},"author":3,"featured_media":0,"comment_status":"closed","ping_status":"closed","sticky":false,"template":"","format":"standard","meta":{"footnotes":""},"categories":[37],"tags":[],"_links":{"self":[{"href":"https:\/\/sw-osterfeine.de\/index.php?rest_route=\/wp\/v2\/posts\/19267"}],"collection":[{"href":"https:\/\/sw-osterfeine.de\/index.php?rest_route=\/wp\/v2\/posts"}],"about":[{"href":"https:\/\/sw-osterfeine.de\/index.php?rest_route=\/wp\/v2\/types\/post"}],"author":[{"embeddable":true,"href":"https:\/\/sw-osterfeine.de\/index.php?rest_route=\/wp\/v2\/users\/3"}],"replies":[{"embeddable":true,"href":"https:\/\/sw-osterfeine.de\/index.php?rest_route=%2Fwp%2Fv2%2Fcomments&post=19267"}],"version-history":[{"count":1,"href":"https:\/\/sw-osterfeine.de\/index.php?rest_route=\/wp\/v2\/posts\/19267\/revisions"}],"predecessor-version":[{"id":19268,"href":"https:\/\/sw-osterfeine.de\/index.php?rest_route=\/wp\/v2\/posts\/19267\/revisions\/19268"}],"wp:attachment":[{"href":"https:\/\/sw-osterfeine.de\/index.php?rest_route=%2Fwp%2Fv2%2Fmedia&parent=19267"}],"wp:term":[{"taxonomy":"category","embeddable":true,"href":"https:\/\/sw-osterfeine.de\/index.php?rest_route=%2Fwp%2Fv2%2Fcategories&post=19267"},{"taxonomy":"post_tag","embeddable":true,"href":"https:\/\/sw-osterfeine.de\/index.php?rest_route=%2Fwp%2Fv2%2Ftags&post=19267"}],"curies":[{"name":"wp","href":"https:\/\/api.w.org\/{rel}","templated":true}]}}