{"id":19366,"date":"2017-07-19T22:10:13","date_gmt":"2017-07-19T20:10:13","guid":{"rendered":"http:\/\/sw-osterfeine.de\/?p=19366"},"modified":"2017-07-19T22:10:13","modified_gmt":"2017-07-19T20:10:13","slug":"live-ticker-6","status":"publish","type":"post","link":"https:\/\/sw-osterfeine.de\/?p=19366","title":{"rendered":"Live-Ticker"},"content":{"rendered":"<p>Abpfiff:<\/p>\n<p>In der 59. Minute erh\u00f6hte Maxi St\u00e4rk zum 4:2 Endstand f\u00fcr den SWO! Somit ist SWO ebenfalls im Endspiel und trifft auf RW Damme am Dienstag um 20:15 Uhr.<\/p>\n<p>Nach der regul\u00e4ren Spielzeit von 60 Minuten stand im Spiel GW M\u00fchlen II &#8211; RW Damme II kein Sieger fest (2:2). <br \/>\nIm Elfmeterschie\u00dfen hat sich M\u00fchlen mit 4:3 durchgesetzt und steht im Finale gegen Falke Steinfeld II<\/p>\n\n\t\t<style type=\"text\/css\">\n\t\t\t#gallery-1 {\n\t\t\t\tmargin: auto;\n\t\t\t}\n\t\t\t#gallery-1 .gallery-item {\n\t\t\t\tfloat: left;\n\t\t\t\tmargin-top: 10px;\n\t\t\t\ttext-align: center;\n\t\t\t\twidth: 33%;\n\t\t\t}\n\t\t\t#gallery-1 img {\n\t\t\t\tborder: 2px solid #cfcfcf;\n\t\t\t}\n\t\t\t#gallery-1 .gallery-caption {\n\t\t\t\tmargin-left: 0;\n\t\t\t}\n\t\t\t\/* see gallery_shortcode() in wp-includes\/media.php *\/\n\t\t<\/style>\n\t\t<div id='gallery-1' class='gallery galleryid-19366 gallery-columns-3 gallery-size-thumbnail'><dl class='gallery-item'>\n\t\t\t<dt class='gallery-icon landscape'>\n\t\t\t\t<a href='https:\/\/sw-osterfeine.de\/wp-content\/uploads\/2017\/07\/IMG_20170719_2129101-e1500494651544.jpg' title=\"\" data-rl_title=\"\" class=\"rl-gallery-link\" data-rl_caption=\"\" data-rel=\"lightbox-gallery-1\"><img loading=\"lazy\" decoding=\"async\" width=\"150\" height=\"150\" src=\"https:\/\/sw-osterfeine.de\/wp-content\/uploads\/2017\/07\/IMG_20170719_2129101-150x150.jpg\" class=\"attachment-thumbnail size-thumbnail\" alt=\"\" \/><\/a>\n\t\t\t<\/dt><\/dl><dl class='gallery-item'>\n\t\t\t<dt class='gallery-icon landscape'>\n\t\t\t\t<a href='https:\/\/sw-osterfeine.de\/wp-content\/uploads\/2017\/07\/IMG_20170719_2130281-e1500494677989.jpg' title=\"\" data-rl_title=\"\" class=\"rl-gallery-link\" data-rl_caption=\"\" data-rel=\"lightbox-gallery-1\"><img loading=\"lazy\" decoding=\"async\" width=\"150\" height=\"150\" src=\"https:\/\/sw-osterfeine.de\/wp-content\/uploads\/2017\/07\/IMG_20170719_2130281-150x150.jpg\" class=\"attachment-thumbnail size-thumbnail\" alt=\"\" \/><\/a>\n\t\t\t<\/dt><\/dl>\n\t\t\t<br style='clear: both' \/>\n\t\t<\/div>\n\n","protected":false},"excerpt":{"rendered":"<p>Abpfiff: In der 59. Minute erh\u00f6hte Maxi St\u00e4rk zum 4:2 Endstand f\u00fcr den SWO! Somit ist SWO ebenfalls im Endspiel und trifft auf RW Damme am Dienstag um 20:15 Uhr. Nach der regul\u00e4ren Spielzeit von 60 Minuten stand im Spiel GW M\u00fchlen II &#8211; RW Damme II kein Sieger fest (2:2). Im Elfmeterschie\u00dfen hat sich [&hellip;]<\/p>\n","protected":false},"author":3,"featured_media":0,"comment_status":"closed","ping_status":"closed","sticky":false,"template":"","format":"standard","meta":{"footnotes":""},"categories":[3],"tags":[],"_links":{"self":[{"href":"https:\/\/sw-osterfeine.de\/index.php?rest_route=\/wp\/v2\/posts\/19366"}],"collection":[{"href":"https:\/\/sw-osterfeine.de\/index.php?rest_route=\/wp\/v2\/posts"}],"about":[{"href":"https:\/\/sw-osterfeine.de\/index.php?rest_route=\/wp\/v2\/types\/post"}],"author":[{"embeddable":true,"href":"https:\/\/sw-osterfeine.de\/index.php?rest_route=\/wp\/v2\/users\/3"}],"replies":[{"embeddable":true,"href":"https:\/\/sw-osterfeine.de\/index.php?rest_route=%2Fwp%2Fv2%2Fcomments&post=19366"}],"version-history":[{"count":1,"href":"https:\/\/sw-osterfeine.de\/index.php?rest_route=\/wp\/v2\/posts\/19366\/revisions"}],"predecessor-version":[{"id":19369,"href":"https:\/\/sw-osterfeine.de\/index.php?rest_route=\/wp\/v2\/posts\/19366\/revisions\/19369"}],"wp:attachment":[{"href":"https:\/\/sw-osterfeine.de\/index.php?rest_route=%2Fwp%2Fv2%2Fmedia&parent=19366"}],"wp:term":[{"taxonomy":"category","embeddable":true,"href":"https:\/\/sw-osterfeine.de\/index.php?rest_route=%2Fwp%2Fv2%2Fcategories&post=19366"},{"taxonomy":"post_tag","embeddable":true,"href":"https:\/\/sw-osterfeine.de\/index.php?rest_route=%2Fwp%2Fv2%2Ftags&post=19366"}],"curies":[{"name":"wp","href":"https:\/\/api.w.org\/{rel}","templated":true}]}}