{"id":19398,"date":"2017-07-24T13:30:57","date_gmt":"2017-07-24T11:30:57","guid":{"rendered":"http:\/\/sw-osterfeine.de\/?p=19398"},"modified":"2017-07-24T13:31:15","modified_gmt":"2017-07-24T11:31:15","slug":"8-volkslauf-rund-um-die-dersaburg","status":"publish","type":"post","link":"https:\/\/sw-osterfeine.de\/?p=19398","title":{"rendered":"8. Volkslauf Rund um die Dersaburg"},"content":{"rendered":"<p>Am vergangen Sonntag trafen sich insgesamt 312 Sportler unterschiedlichen Alters in Handorf-Langenberg um, im Rahmen des Kinderturntag, zu rennen, walken und zu joggen. Vom 600 m Bambinilauf bis hin zum 10 km Lauf war f\u00fcr jeden was dabei. Im Gegensatz zum letzten Jahr war es vom Klima her relativ angenehm zu laufen. Leichter Wind und ausreichend Sonnenschein trugen dazu bei, noch lange nach der Siegerehrung sich mit weiteren L\u00e4ufern in gem\u00fctlicher Runde auszutauschen und sich f\u00fcr kommende Laufevents zu begeistern. Wir konnten mit 13 L\u00e4ufern wiedermal einen bleibenden Eindruck hinterlassen. Zu dem ist es uns gelungen 2 weitere Sportlerinnen aus Osterfeine f\u00fcr den Laufsport zu begeistern. Laura B\u00f6ckerstette, Torh\u00fcterin unserer 1. Damenhandballmannschaft, sowie Ulrike Kreymborg, im letzten Jahr noch aktive Handballspielerin aktuell regelm\u00e4\u00dfige Yogateilnehmerin, nahmen am 5 km Lauf teil und hinterlie\u00dfen mit 35 Minuten ein guten Eindruck. Wir hoffen, dass es keine einmalige Aktion von euch gewesen ist und reservieren euch schon mal zwei Pl\u00e4tze f\u00fcr den n\u00e4chsten Lauf.<\/p>\n<p>Die 10 km Strecke hatte es mit ihren langen Steigungen und dem teilweise rutschigen Untergrund richtig in sich. Bestzeiten konnten wir zwar nicht rausholen, haben uns aber durchschnittlich im Vergleich zum letzten Jahr verbessern k\u00f6nnen und sogar einen Treppchenplatz erreicht.<!--more--><\/p>\n<p>Der n\u00e4chste Volkslauf findet am Freitag 04.08. in Ibbenb\u00fcren statt.<\/p>\n<p>&nbsp;<\/p>\n<p>Ergebnisse im \u00dcberlick:<\/p>\n<p>3,5 km Lauf der Jungen 25 Teilnehmer<\/p>\n<p>Jannik Steinkamp\u00a0\u00a0\u00a0\u00a0\u00a0\u00a0 24:05 min.\u00a0\u00a0\u00a0\u00a0\u00a0\u00a0 Platz 23<\/p>\n<p>Dennis Steinkamp\u00a0\u00a0\u00a0\u00a0\u00a0 16:48 min.\u00a0\u00a0\u00a0\u00a0\u00a0\u00a0 Platz 6<\/p>\n<p>Aron Decker\u00a0\u00a0\u00a0\u00a0\u00a0\u00a0\u00a0\u00a0\u00a0\u00a0\u00a0\u00a0\u00a0\u00a0 16:26 min.\u00a0\u00a0\u00a0\u00a0\u00a0\u00a0 Platz 3<\/p>\n<p>&nbsp;<\/p>\n<p>10 km Lauf der Damen 44 Teilnehmer<\/p>\n<p>Erika Meyer\u00a0\u00a0\u00a0\u00a0\u00a0\u00a0\u00a0\u00a0\u00a0\u00a0\u00a0\u00a0\u00a0\u00a0\u00a0 50:34 min.\u00a0\u00a0\u00a0\u00a0\u00a0\u00a0 Platz 8<\/p>\n<p>Tine Nienaber\u00a0\u00a0\u00a0\u00a0\u00a0\u00a0\u00a0\u00a0\u00a0\u00a0\u00a0\u00a0 50:26 min\u00a0\u00a0\u00a0\u00a0\u00a0\u00a0\u00a0 Platz 7<\/p>\n<p>Marina Freking\u00a0\u00a0\u00a0\u00a0\u00a0\u00a0\u00a0\u00a0\u00a0\u00a0 61:01 min.\u00a0\u00a0\u00a0\u00a0\u00a0\u00a0 Platz 34<\/p>\n<p>&nbsp;<\/p>\n<p>10 km Lauf der Herren 108 Teilnehmer<\/p>\n<p>Andreas Robke\u00a0\u00a0\u00a0\u00a0\u00a0\u00a0\u00a0\u00a0\u00a0 54:51 min.\u00a0\u00a0\u00a0\u00a0\u00a0\u00a0 Platz 78<\/p>\n<p>Richard Decker\u00a0\u00a0\u00a0\u00a0\u00a0\u00a0\u00a0\u00a0\u00a0 54:45 min.\u00a0\u00a0\u00a0\u00a0\u00a0\u00a0 Platz 75<\/p>\n<p>Andreas Deters\u00a0\u00a0\u00a0\u00a0\u00a0\u00a0\u00a0\u00a0\u00a0 52:42 min.\u00a0\u00a0\u00a0\u00a0\u00a0\u00a0 Platz 60<\/p>\n<p>Andre Brune-Suzska\u00a0 52:42 min.\u00a0\u00a0\u00a0\u00a0\u00a0\u00a0 Platz 59<\/p>\n<p>Theo M\u00f6nnich\u00a0\u00a0\u00a0\u00a0\u00a0\u00a0\u00a0\u00a0\u00a0\u00a0\u00a0 51:51 min.\u00a0\u00a0\u00a0\u00a0\u00a0\u00a0 Platz 50<\/p>\n<p>Franz Steinkamp\u00a0\u00a0\u00a0\u00a0\u00a0\u00a0\u00a0 47:43 min.\u00a0\u00a0\u00a0\u00a0\u00a0\u00a0 Platz 20<\/p>\n<p>Dawid Wadulla\u00a0\u00a0\u00a0\u00a0\u00a0\u00a0\u00a0\u00a0\u00a0 44:38 min.\u00a0\u00a0\u00a0\u00a0\u00a0\u00a0 Platz 9<\/p>\n","protected":false},"excerpt":{"rendered":"<p>Am vergangen Sonntag trafen sich insgesamt 312 Sportler unterschiedlichen Alters in Handorf-Langenberg um, im Rahmen des Kinderturntag, zu rennen, walken und zu joggen. Vom 600 m Bambinilauf bis hin zum 10 km Lauf war f\u00fcr jeden was dabei. Im Gegensatz zum letzten Jahr war es vom Klima her relativ angenehm zu laufen. Leichter Wind und [&hellip;]<\/p>\n","protected":false},"author":3,"featured_media":0,"comment_status":"closed","ping_status":"closed","sticky":false,"template":"","format":"standard","meta":{"footnotes":""},"categories":[38],"tags":[],"_links":{"self":[{"href":"https:\/\/sw-osterfeine.de\/index.php?rest_route=\/wp\/v2\/posts\/19398"}],"collection":[{"href":"https:\/\/sw-osterfeine.de\/index.php?rest_route=\/wp\/v2\/posts"}],"about":[{"href":"https:\/\/sw-osterfeine.de\/index.php?rest_route=\/wp\/v2\/types\/post"}],"author":[{"embeddable":true,"href":"https:\/\/sw-osterfeine.de\/index.php?rest_route=\/wp\/v2\/users\/3"}],"replies":[{"embeddable":true,"href":"https:\/\/sw-osterfeine.de\/index.php?rest_route=%2Fwp%2Fv2%2Fcomments&post=19398"}],"version-history":[{"count":2,"href":"https:\/\/sw-osterfeine.de\/index.php?rest_route=\/wp\/v2\/posts\/19398\/revisions"}],"predecessor-version":[{"id":19400,"href":"https:\/\/sw-osterfeine.de\/index.php?rest_route=\/wp\/v2\/posts\/19398\/revisions\/19400"}],"wp:attachment":[{"href":"https:\/\/sw-osterfeine.de\/index.php?rest_route=%2Fwp%2Fv2%2Fmedia&parent=19398"}],"wp:term":[{"taxonomy":"category","embeddable":true,"href":"https:\/\/sw-osterfeine.de\/index.php?rest_route=%2Fwp%2Fv2%2Fcategories&post=19398"},{"taxonomy":"post_tag","embeddable":true,"href":"https:\/\/sw-osterfeine.de\/index.php?rest_route=%2Fwp%2Fv2%2Ftags&post=19398"}],"curies":[{"name":"wp","href":"https:\/\/api.w.org\/{rel}","templated":true}]}}