{"id":19682,"date":"2017-08-15T15:55:30","date_gmt":"2017-08-15T13:55:30","guid":{"rendered":"http:\/\/sw-osterfeine.de\/?p=19682"},"modified":"2017-08-15T15:59:56","modified_gmt":"2017-08-15T13:59:56","slug":"kettenkamper-volkslauf","status":"publish","type":"post","link":"https:\/\/sw-osterfeine.de\/?p=19682","title":{"rendered":"Kettenkamper Volkslauf"},"content":{"rendered":"<p>Bei der Anfahrt nach Kettenkamp sah es noch danach aus, dass es ein Regenlauf werden w\u00fcrde. P\u00fcnktlich zum Start hat sich der Regen verzogen \u00a0und es hat sich sogar die Sonne sehen lassen. Insgesamt waren 215 L\u00e4ufer und L\u00e4uferinnen am Start.<\/p>\n<p>Die Strecke f\u00fchrte gr\u00f6\u00dften Teils \u00fcber gut befestigte Wege und Stra\u00dfen vorbei an W\u00e4ldern und Wiesen. Trotzdem es vorher viel geregnet hatte war die Strecke doch relativ trocken und man musste nur ein paar wenigen Pf\u00fctzen ausweichen.<\/p>\n<p>F\u00fcr das leibliche Wohl war gesorgt, so dass man im Ziel angekommen zwischen Kuchen, Burger, Bratwurst und div. Getr\u00e4nken w\u00e4hlen konnte. Dank des \u00a0jetzt guten Wetters konnte man \u00a0der Siegerehrung drau\u00dfen folgen. Es gab\u00a0 nicht nur f\u00fcr die drei\u00a0 Besten der L\u00e4ufe tolle Preise.\u00a0 Auch die Erstplatzierten in Ihren Altersklassen gingen nicht leer aus. Kettenkamp war mal wieder eine sehr sch\u00f6ne Laufveranstaltung und im n\u00e4chsten Jahr kommen bestimmt wieder viele L\u00e4ufer und L\u00e4uferinnen gerne wieder.<\/p>\n<p>&nbsp;<\/p>\n<p>Name\u00a0\u00a0\u00a0\u00a0\u00a0\u00a0\u00a0\u00a0\u00a0\u00a0\u00a0\u00a0\u00a0\u00a0\u00a0\u00a0\u00a0\u00a0\u00a0\u00a0\u00a0\u00a0\u00a0\u00a0\u00a0\u00a0\u00a0\u00a0\u00a0\u00a0\u00a0\u00a0\u00a0\u00a0\u00a0\u00a0\u00a0\u00a0\u00a0\u00a0\u00a0\u00a0\u00a0\u00a0\u00a0\u00a0\u00a0\u00a0\u00a0 Lauf\u00a0\u00a0\u00a0\u00a0\u00a0\u00a0 \u00a0\u00a0\u00a0\u00a0\u00a0\u00a0\u00a0\u00a0\u00a0\u00a0\u00a0\u00a0\u00a0\u00a0\u00a0 Zeit<\/p>\n<p>Dennis Steinkamp\u00a0\u00a0\u00a0\u00a0\u00a0\u00a0\u00a0\u00a0\u00a0\u00a0\u00a0\u00a0\u00a0\u00a0\u00a0\u00a0\u00a0\u00a0\u00a0\u00a0\u00a0\u00a0\u00a0\u00a0\u00a0 5 Km\u00a0\u00a0\u00a0\u00a0\u00a0\u00a0\u00a0\u00a0\u00a0\u00a0\u00a0\u00a0\u00a0\u00a0\u00a0\u00a0\u00a0\u00a0\u00a0\u00a0 28:31<\/p>\n<p>Jannik Steinkamp\u00a0\u00a0\u00a0\u00a0\u00a0\u00a0\u00a0\u00a0\u00a0\u00a0\u00a0\u00a0\u00a0\u00a0\u00a0\u00a0\u00a0\u00a0\u00a0\u00a0\u00a0\u00a0\u00a0\u00a0\u00a0\u00a0 5 Km\u00a0\u00a0\u00a0\u00a0\u00a0\u00a0\u00a0\u00a0\u00a0\u00a0\u00a0\u00a0\u00a0\u00a0\u00a0\u00a0\u00a0\u00a0\u00a0\u00a0 32:01<\/p>\n<p>Olaf Dickmajer\u00a0\u00a0\u00a0\u00a0\u00a0\u00a0\u00a0\u00a0\u00a0\u00a0\u00a0\u00a0\u00a0\u00a0\u00a0\u00a0\u00a0\u00a0\u00a0\u00a0\u00a0\u00a0\u00a0\u00a0\u00a0\u00a0\u00a0\u00a0\u00a0\u00a0\u00a0\u00a0 10,2 Km\u00a0\u00a0\u00a0\u00a0\u00a0\u00a0\u00a0\u00a0\u00a0\u00a0\u00a0\u00a0\u00a0\u00a0 62:00<\/p>\n<p>Franz Steinkamp\u00a0\u00a0\u00a0\u00a0\u00a0\u00a0\u00a0\u00a0\u00a0\u00a0\u00a0\u00a0\u00a0\u00a0\u00a0\u00a0\u00a0\u00a0\u00a0\u00a0\u00a0\u00a0\u00a0\u00a0\u00a0\u00a0\u00a0\u00a0 10,2 Km\u00a0\u00a0\u00a0\u00a0\u00a0\u00a0\u00a0\u00a0\u00a0\u00a0\u00a0\u00a0\u00a0\u00a0 45:47<\/p>\n","protected":false},"excerpt":{"rendered":"<p>Bei der Anfahrt nach Kettenkamp sah es noch danach aus, dass es ein Regenlauf werden w\u00fcrde. P\u00fcnktlich zum Start hat sich der Regen verzogen \u00a0und es hat sich sogar die Sonne sehen lassen. Insgesamt waren 215 L\u00e4ufer und L\u00e4uferinnen am Start. Die Strecke f\u00fchrte gr\u00f6\u00dften Teils \u00fcber gut befestigte Wege und Stra\u00dfen vorbei an W\u00e4ldern [&hellip;]<\/p>\n","protected":false},"author":3,"featured_media":0,"comment_status":"closed","ping_status":"closed","sticky":false,"template":"","format":"standard","meta":{"footnotes":""},"categories":[38],"tags":[],"_links":{"self":[{"href":"https:\/\/sw-osterfeine.de\/index.php?rest_route=\/wp\/v2\/posts\/19682"}],"collection":[{"href":"https:\/\/sw-osterfeine.de\/index.php?rest_route=\/wp\/v2\/posts"}],"about":[{"href":"https:\/\/sw-osterfeine.de\/index.php?rest_route=\/wp\/v2\/types\/post"}],"author":[{"embeddable":true,"href":"https:\/\/sw-osterfeine.de\/index.php?rest_route=\/wp\/v2\/users\/3"}],"replies":[{"embeddable":true,"href":"https:\/\/sw-osterfeine.de\/index.php?rest_route=%2Fwp%2Fv2%2Fcomments&post=19682"}],"version-history":[{"count":1,"href":"https:\/\/sw-osterfeine.de\/index.php?rest_route=\/wp\/v2\/posts\/19682\/revisions"}],"predecessor-version":[{"id":19683,"href":"https:\/\/sw-osterfeine.de\/index.php?rest_route=\/wp\/v2\/posts\/19682\/revisions\/19683"}],"wp:attachment":[{"href":"https:\/\/sw-osterfeine.de\/index.php?rest_route=%2Fwp%2Fv2%2Fmedia&parent=19682"}],"wp:term":[{"taxonomy":"category","embeddable":true,"href":"https:\/\/sw-osterfeine.de\/index.php?rest_route=%2Fwp%2Fv2%2Fcategories&post=19682"},{"taxonomy":"post_tag","embeddable":true,"href":"https:\/\/sw-osterfeine.de\/index.php?rest_route=%2Fwp%2Fv2%2Ftags&post=19682"}],"curies":[{"name":"wp","href":"https:\/\/api.w.org\/{rel}","templated":true}]}}