{"id":19792,"date":"2017-09-01T16:24:37","date_gmt":"2017-09-01T14:24:37","guid":{"rendered":"http:\/\/sw-osterfeine.de\/?p=19792"},"modified":"2017-09-01T16:24:37","modified_gmt":"2017-09-01T14:24:37","slug":"4-mulsumer-abendlauf","status":"publish","type":"post","link":"https:\/\/sw-osterfeine.de\/?p=19792","title":{"rendered":"4. Mulsumer Abendlauf"},"content":{"rendered":"<div>Am 26.08.2017 fuhren wir mit urspr\u00fcnglich drei L\u00e4ufern, von denen Dennis kurzfristig erk\u00e4ltungbedingt aussetzen musste, zum Mulsumer Abendlauf. Es waren circa 110 Teilnehmer am Start. Bei diesem Abendlauf gab es eine 2,5km-Runde, die je nach Strecke unterschiedlich oft absolviert werden musste: Der Kinderlauf zog sich \u00fcber eine Runde (2,5km), die Mittelstrecke beinhaltete zwei Runden (5km) und die Teilnehmer des Hauptlaufes durfen vier Runden (10km) drehen. Fast \u00fcber die ganze Strecke wurden Fackeln von den Muslumer B\u00fcrgern am Stra\u00dfenrand aufgestellt, sodass eine einzigartige Atmosph\u00e4re in der D\u00e4mmerung entstand.<\/div>\n<div>\u00a0<\/div>\n<div>Jannik Steinkamp erreichte beim 5km-Lauf den 38. Gesamtplatz (14. AK) mit einer Zeit von 31:33min.<\/div>\n<div>Franz Steinkamp durfte sich \u00fcber seinen erstmaligen Sieg bei einem Laufevent freuen: Zielstrebig absolvierte er die vier Runden des 10km-Laufes in einer Zeit von 43:18min. Damit stellte er alle Mulsumer in den Schatten. Wir gratulieren nochmals herzlich zum ersten Platz.<\/div>\n<div>\u00a0<\/div>\n<div>Nach dem Lauf wurde eine After-Run-Fete veranstaltet, bei der mit ausreichend Verpflegung kr\u00e4ftig gefeiert wurde.<\/div>\n<div>\u00a0<\/div>\n<div>Sportliche Gr\u00fc\u00dfe<\/div>\n<div>Dennis Steinkamp<\/div>\n<div><a href=\"https:\/\/sw-osterfeine.de\/wp-content\/uploads\/2017\/09\/mulsumer.jpg\" data-rel=\"lightbox-image-0\" data-rl_title=\"\" data-rl_caption=\"\" title=\"\"><img loading=\"lazy\" decoding=\"async\" class=\"alignnone size-medium wp-image-19793\" src=\"https:\/\/sw-osterfeine.de\/wp-content\/uploads\/2017\/09\/mulsumer-180x300.jpg\" alt=\"mulsumer\" width=\"180\" height=\"300\" srcset=\"https:\/\/sw-osterfeine.de\/wp-content\/uploads\/2017\/09\/mulsumer-180x300.jpg 180w, https:\/\/sw-osterfeine.de\/wp-content\/uploads\/2017\/09\/mulsumer-614x1024.jpg 614w, https:\/\/sw-osterfeine.de\/wp-content\/uploads\/2017\/09\/mulsumer.jpg 768w\" sizes=\"(max-width: 180px) 100vw, 180px\" \/><\/a><\/div>\n<p>&nbsp;<\/p>\n","protected":false},"excerpt":{"rendered":"<p>Am 26.08.2017 fuhren wir mit urspr\u00fcnglich drei L\u00e4ufern, von denen Dennis kurzfristig erk\u00e4ltungbedingt aussetzen musste, zum Mulsumer Abendlauf. Es waren circa 110 Teilnehmer am Start. Bei diesem Abendlauf gab es eine 2,5km-Runde, die je nach Strecke unterschiedlich oft absolviert werden musste: Der Kinderlauf zog sich \u00fcber eine Runde (2,5km), die Mittelstrecke beinhaltete zwei Runden (5km) [&hellip;]<\/p>\n","protected":false},"author":3,"featured_media":0,"comment_status":"closed","ping_status":"closed","sticky":false,"template":"","format":"standard","meta":{"footnotes":""},"categories":[38],"tags":[],"_links":{"self":[{"href":"https:\/\/sw-osterfeine.de\/index.php?rest_route=\/wp\/v2\/posts\/19792"}],"collection":[{"href":"https:\/\/sw-osterfeine.de\/index.php?rest_route=\/wp\/v2\/posts"}],"about":[{"href":"https:\/\/sw-osterfeine.de\/index.php?rest_route=\/wp\/v2\/types\/post"}],"author":[{"embeddable":true,"href":"https:\/\/sw-osterfeine.de\/index.php?rest_route=\/wp\/v2\/users\/3"}],"replies":[{"embeddable":true,"href":"https:\/\/sw-osterfeine.de\/index.php?rest_route=%2Fwp%2Fv2%2Fcomments&post=19792"}],"version-history":[{"count":1,"href":"https:\/\/sw-osterfeine.de\/index.php?rest_route=\/wp\/v2\/posts\/19792\/revisions"}],"predecessor-version":[{"id":19794,"href":"https:\/\/sw-osterfeine.de\/index.php?rest_route=\/wp\/v2\/posts\/19792\/revisions\/19794"}],"wp:attachment":[{"href":"https:\/\/sw-osterfeine.de\/index.php?rest_route=%2Fwp%2Fv2%2Fmedia&parent=19792"}],"wp:term":[{"taxonomy":"category","embeddable":true,"href":"https:\/\/sw-osterfeine.de\/index.php?rest_route=%2Fwp%2Fv2%2Fcategories&post=19792"},{"taxonomy":"post_tag","embeddable":true,"href":"https:\/\/sw-osterfeine.de\/index.php?rest_route=%2Fwp%2Fv2%2Ftags&post=19792"}],"curies":[{"name":"wp","href":"https:\/\/api.w.org\/{rel}","templated":true}]}}