{"id":19798,"date":"2017-09-01T16:34:08","date_gmt":"2017-09-01T14:34:08","guid":{"rendered":"http:\/\/sw-osterfeine.de\/?p=19798"},"modified":"2017-09-01T16:34:54","modified_gmt":"2017-09-01T14:34:54","slug":"herzlich-willkommen-zum-zweiten-heimspiel-der-saison-gegen-den-bv-garrel","status":"publish","type":"post","link":"https:\/\/sw-osterfeine.de\/?p=19798","title":{"rendered":"Herzlich Willkommen zum zweiten Heimspiel der Saison gegen den BV Garrel"},"content":{"rendered":"<p>Mit 7 Punkten aus 3 Spielen sind wir gut in die Saison gestartet. Nun wollen wir auch zu Hause den ersten Dreier einfahren! Highlight der letzten Wochen war der Derbysieg vergangenen Sonntag gegen Falke Steinfeld. Mit einer tollen Gemeinschaftsleistung schlugen wir Steinfeld mit 2:0. Zum ersten Mal in dieser Saison zeigten wir \u00fcber die gesamten 90 Minuten eine ansprechende Leistung. Um gegen einen gewohnt starken Gegner aus Garrel zu bestehen, m\u00fcssen wir an die Leistung der letzten Woche ankn\u00fcpfen!<\/p>\n<p>Die Garreler sind mit einem 3:0 Sieg \u00fcber Emstekerfeld sehr gut in die Saison gestartet. Danach setzte es allerdings zwei Niederlagen gegen Lastrup und M\u00fchlen. Diese sollte man auf keinen Fall \u00fcberbewerten, da M\u00fchlen in der momentanen Form ein enorm starker Gegner ist und wir uns in Lastrup ebenfalls sehr schwer taten. Gegen Lastrup verlor Garrel das Spiel ungl\u00fccklich nach einer 2:0 F\u00fchrung in den letzten 10 Minuten.<\/p>\n<p>Besonders aufpassen sollte man bei den Garrelern wie immer auf die Looschen-Br\u00fcder, die f\u00fcr Stabilit\u00e4t und der Defensive und extreme Torgefahr und Schnelligkeit auf der anderen Seite sorgen.<\/p>\n<p>Beruhigend w\u00e4re es zudem, wenn wir es wieder hinbekommen w\u00fcrden, ein Spiel mit 11 Leuten auf dem Platz zu beenden. In den letzten 5 Pflichtspielen kassierten wir 3 Platzverweise. Letzte Woche erwischte es Abwehrchef BamBam und wir m\u00fcssen heute leider auf Ihn verzichten. Aber auch diesen Ausfall werden wir bestm\u00f6glich kompensieren.<\/p>\n<p>Henni Behrens wir uns leider nicht nur ein Spiel, sondern fast ein ganzes Jahr nicht zur Verf\u00fcgung stehen. Er tritt ab dem 01.09 zwei Auslandssemester f\u00fcr sein Lehramtsstudium an und versucht dort hoffentlich den franz\u00f6sischen Kickern die Osterfeiner Fu\u00dfball-Tugenden beizubringen.<\/p>\n<p>Des Weiteren fehlt uns f\u00fcr das heutige Spiel immer noch unser Keeper Christian Gravemeyer, der aber schon in den vergangen Spielen gl\u00e4nzend von Max Schallau bzw. unser Torwartlegende Marco Otte vertreten wurde.\u00a0 Doppeltorsch\u00fctze aus dem M\u00fchlenspiel, Stefan Kreymborg, hat sich im Urlaub etwas eingefangen, und ist noch nicht wieder fit. Auch bei Martin L\u00fcbbehusen und Harpe C kann es noch ein paar Wochen dauern, bis Sie wieder fit sind. Ich bin wieder ins Training eingestiegen und k\u00f6nnte bald wieder dazu sto\u00dfen.<\/p>\n<p>Mit einem Sieg heute h\u00e4tten wir einen perfekten Start in die Saison hingelegt. Dazu wollen wir unbedingt zu Hause unsere ersten 3 Punkte holen und die Zuschauer, die uns schon in Steinfeld hervorragend unterst\u00fctzten, belohnen. Mit viel Leidenschaft und einer guten fu\u00dfballerischen Leistung ist es auf jeden Fall drin, dieses Ziel zu erreichen und die 3 Punkte in Osterfeine zu behalten.<\/p>\n<p>Viel Spa\u00df!<\/p>\n<p>Mit sportlichen Gr\u00fc\u00dfen<\/p>\n<p>\u00a0Felix Piening<\/p>\n","protected":false},"excerpt":{"rendered":"<p>Mit 7 Punkten aus 3 Spielen sind wir gut in die Saison gestartet. Nun wollen wir auch zu Hause den ersten Dreier einfahren! Highlight der letzten Wochen war der Derbysieg vergangenen Sonntag gegen Falke Steinfeld. Mit einer tollen Gemeinschaftsleistung schlugen wir Steinfeld mit 2:0. Zum ersten Mal in dieser Saison zeigten wir \u00fcber die gesamten [&hellip;]<\/p>\n","protected":false},"author":3,"featured_media":0,"comment_status":"closed","ping_status":"closed","sticky":false,"template":"","format":"standard","meta":{"footnotes":""},"categories":[3],"tags":[],"_links":{"self":[{"href":"https:\/\/sw-osterfeine.de\/index.php?rest_route=\/wp\/v2\/posts\/19798"}],"collection":[{"href":"https:\/\/sw-osterfeine.de\/index.php?rest_route=\/wp\/v2\/posts"}],"about":[{"href":"https:\/\/sw-osterfeine.de\/index.php?rest_route=\/wp\/v2\/types\/post"}],"author":[{"embeddable":true,"href":"https:\/\/sw-osterfeine.de\/index.php?rest_route=\/wp\/v2\/users\/3"}],"replies":[{"embeddable":true,"href":"https:\/\/sw-osterfeine.de\/index.php?rest_route=%2Fwp%2Fv2%2Fcomments&post=19798"}],"version-history":[{"count":2,"href":"https:\/\/sw-osterfeine.de\/index.php?rest_route=\/wp\/v2\/posts\/19798\/revisions"}],"predecessor-version":[{"id":19800,"href":"https:\/\/sw-osterfeine.de\/index.php?rest_route=\/wp\/v2\/posts\/19798\/revisions\/19800"}],"wp:attachment":[{"href":"https:\/\/sw-osterfeine.de\/index.php?rest_route=%2Fwp%2Fv2%2Fmedia&parent=19798"}],"wp:term":[{"taxonomy":"category","embeddable":true,"href":"https:\/\/sw-osterfeine.de\/index.php?rest_route=%2Fwp%2Fv2%2Fcategories&post=19798"},{"taxonomy":"post_tag","embeddable":true,"href":"https:\/\/sw-osterfeine.de\/index.php?rest_route=%2Fwp%2Fv2%2Ftags&post=19798"}],"curies":[{"name":"wp","href":"https:\/\/api.w.org\/{rel}","templated":true}]}}