{"id":19888,"date":"2017-09-18T17:04:18","date_gmt":"2017-09-18T15:04:18","guid":{"rendered":"http:\/\/sw-osterfeine.de\/?p=19888"},"modified":"2017-09-18T17:04:18","modified_gmt":"2017-09-18T15:04:18","slug":"osv-news-2","status":"publish","type":"post","link":"https:\/\/sw-osterfeine.de\/?p=19888","title":{"rendered":"OSV News!"},"content":{"rendered":"<p>Rekord eingestellt: Nur eine Woche konnte sich Flo Niehues als alleiniger OSV Torsch\u00fctzenk\u00f6nig mit 11 Treffern in einem Spiel f\u00fchlen. Am Freitag gewann unsere D-II mit 18:0 gegen RW Damme und auch Tim Kreinest schoss sensationelle 11 Tore in einem Spiel. Gl\u00fcckwunsch an Tim. Leider hatte Tim am Tag vor der Osterfeiner Kirmes keine Torpr\u00e4mie mit seinem Opa Richard Kreinest ausgehandelt, das h\u00e4tte was f\u00fcr Tim gebracht. Vielleicht sollte er mal so langsam \u00fcber einen Spielerberater nachdenken. Sowohl in der Nachbarschaft vom Opa als auch von Tim tummeln sich zahlreiche OSV-Altinternationale \u2013 da m\u00fcssten sich doch Berater en masse finden lassen.\u00a0\u00a0\u00a0\u00a0 Tim, mach weiter so!<\/p>\n<p>Gute Besserung: Der Sportverein SW Osterfeine w\u00fcnscht seiner Abteilungsleiterin der Turn-und Gymnastikabteilung Annette Witte gute Besserung und schnelle Erholung!!!<\/p>\n<p>Ebenso geht der Wunsch der guten Besserung an unseren Spieler der I-Herrenmannschaft, Michael Harpenau, der sich Samstag im Spiel gegen Barrssel am Kopf verletzte.<\/p>\n<p>Gl\u00fcckwunsch: Herzliche Gl\u00fcckw\u00fcnsche vom Sportverein SW Osterfeine gehen an Karin und Patrick Brehmer, die am Freitag heirateten.<\/p>\n<p>Nochmal Gl\u00fcckwunsch: Einen Tag sp\u00e4ter feierten\u00a0 Bianca und Stephan Ihorst ihre Silberhochzeit. Auch Euch herzlichen Gl\u00fcckwunsch und weiterhin Alles Gute.<\/p>\n<p>Einstellung: Keine 48 Stunden nach ihrer Hochzeit f\u00fchrte unsere Spielf\u00fchrerin der I-Damen Karin Brehmer unsere jungen Damen der I-Damenmannschaft im Spiel gegen die Spielgemeinschaft Wagenfeld\/Wetschen mit einer wie immer vorbildlichen Leistung zum deutlichen 31:20 Saisonauftakterfolg. Von dieser Einstellung d\u00fcrfen sich besonders auch einige Fu\u00dfballer ein Beispiel nehmen, brauchen doch immer mehr \u201eSportler\u201c mindestens eine ganze Woche frei wenn die angeheiratete Oma der zuk\u00fcnftigen Freundin zum 5.ten Mal ihren 99. Geburtstag feiert, oder so \u00e4hnlich. Mit 7 Toren war Karin trotz Hochzeit und Fr\u00fchschoppen auch die Haupttorsch\u00fctzin beim erfolgreichen Trainerdebut von Andreas und Hiltrud Espelage.<\/p>\n<p>Spielervertr\u00e4ge: Nach ausgiebigem Studium der Spielervertr\u00e4ge von Max und Heye kann der Verein feststellen, dass kein OSV-Sportler einen Abholfahrdienst zu den Punktspielen am Sonntagmorgen in seinem Vertrag garantiert hat. Also wieder zuk\u00fcnftig: p\u00fcnktlich aufstehen und mit Rad zum Treffpunkt!<\/p>\n","protected":false},"excerpt":{"rendered":"<p>Rekord eingestellt: Nur eine Woche konnte sich Flo Niehues als alleiniger OSV Torsch\u00fctzenk\u00f6nig mit 11 Treffern in einem Spiel f\u00fchlen. Am Freitag gewann unsere D-II mit 18:0 gegen RW Damme und auch Tim Kreinest schoss sensationelle 11 Tore in einem Spiel. Gl\u00fcckwunsch an Tim. Leider hatte Tim am Tag vor der Osterfeiner Kirmes keine Torpr\u00e4mie [&hellip;]<\/p>\n","protected":false},"author":3,"featured_media":0,"comment_status":"closed","ping_status":"closed","sticky":false,"template":"","format":"standard","meta":{"footnotes":""},"categories":[3],"tags":[],"_links":{"self":[{"href":"https:\/\/sw-osterfeine.de\/index.php?rest_route=\/wp\/v2\/posts\/19888"}],"collection":[{"href":"https:\/\/sw-osterfeine.de\/index.php?rest_route=\/wp\/v2\/posts"}],"about":[{"href":"https:\/\/sw-osterfeine.de\/index.php?rest_route=\/wp\/v2\/types\/post"}],"author":[{"embeddable":true,"href":"https:\/\/sw-osterfeine.de\/index.php?rest_route=\/wp\/v2\/users\/3"}],"replies":[{"embeddable":true,"href":"https:\/\/sw-osterfeine.de\/index.php?rest_route=%2Fwp%2Fv2%2Fcomments&post=19888"}],"version-history":[{"count":1,"href":"https:\/\/sw-osterfeine.de\/index.php?rest_route=\/wp\/v2\/posts\/19888\/revisions"}],"predecessor-version":[{"id":19889,"href":"https:\/\/sw-osterfeine.de\/index.php?rest_route=\/wp\/v2\/posts\/19888\/revisions\/19889"}],"wp:attachment":[{"href":"https:\/\/sw-osterfeine.de\/index.php?rest_route=%2Fwp%2Fv2%2Fmedia&parent=19888"}],"wp:term":[{"taxonomy":"category","embeddable":true,"href":"https:\/\/sw-osterfeine.de\/index.php?rest_route=%2Fwp%2Fv2%2Fcategories&post=19888"},{"taxonomy":"post_tag","embeddable":true,"href":"https:\/\/sw-osterfeine.de\/index.php?rest_route=%2Fwp%2Fv2%2Ftags&post=19888"}],"curies":[{"name":"wp","href":"https:\/\/api.w.org\/{rel}","templated":true}]}}