{"id":19890,"date":"2017-09-19T18:39:43","date_gmt":"2017-09-19T16:39:43","guid":{"rendered":"http:\/\/sw-osterfeine.de\/?p=19890"},"modified":"2017-09-19T18:39:43","modified_gmt":"2017-09-19T16:39:43","slug":"fussball-1-b-jugend","status":"publish","type":"post","link":"https:\/\/sw-osterfeine.de\/?p=19890","title":{"rendered":"Fu\u00dfball 1. B-Jugend"},"content":{"rendered":"<p>Punktspiel SW Osterfeine 3:0 SG Steinfeld\/M\u00fchlen II<\/p>\n<p>Der Patient ist auf dem Weg der Besserung. So, oder so \u00e4hnlich l\u00e4sst sich unsere Leistung gegen den Rivalen von der anderen Seite der Berge zusammenfassen. Gro\u00dfen Fu\u00dfball suchte man vergebens, aber eine weitestgehend konzentrierte Abwehrleistung brachte und dann doch die erhofften 3 Punkte ein.<\/p>\n<p>Anfangs schien das Kramer-Wochenende doch noch dem einen oder anderen in den Knochen zu stecken. Unn\u00f6tige Fehlp\u00e4sse, ein mangelhaftes Zweikampfverhalten und fehlende Laufbereitschaft waren die Folge. Das hatten wir uns nach dem letzten Spiel eigentlich anders vorgestellt. Die einzigen, die richtig wach zu sein schienen waren unsere Innenverteidiger David Selke und Mark Fischer, die den Angriffen der Steinfelder immer wieder ein abruptes Ende bescherten. Von Minute zu Minute gelang es dann auch allen anderen langsam die \u00fcber Nacht angestaute M\u00fcdigkeit heraus zu laufen. F\u00fcr die Tore mussten diesmal Standards herhalten. Eine Ecke von Philipp Berens (dem Etatm\u00e4\u00dfigen Eckensch\u00fctzen Maximilian bei der Hake fehlte augenscheinlich noch etwas die Kraft im Bein) konnte Henning \u201eSpecker\u201c Bley im Netz unterbringen (13. Minute). Nur eine Minute sp\u00e4ter rutschte eine Freisto\u00dfflanke von Simon Griefing ins lange Eck zur 2:0 F\u00fchrung. Mit dieser F\u00fchrung im R\u00fccken kehrte mehr Sicherheit in unser Spiel zur\u00fcck, doch auch die G\u00e4ste wollten nicht aufgeben.<\/p>\n<p>Nach der Pause das gleiche Bild. Ein Kampf um die Hoheit im Mittelfeld, den keiner so richtig f\u00fcr sich entscheiden konnte. Klare Torchancen waren Mangelware. Richtig gef\u00e4hrlich wurde es noch einmal gegen Ende des Spiels, als David Selke den gegnerischen St\u00fcrmer im letzten Moment entscheidend beim Torschuss st\u00f6ren konnte, sodass dieser zweimal nur das Geh\u00e4use traf. Zu einer Art Markenzeichen von Philipp Berens scheint es sich zu entwickeln die gegnerischen Verteidiger gegen Ende des Spiels gezielt unter Druck zu setzen. In der 73. Minute gelang es ihm so zum wiederholten Male den kurzen Weg zum Tor zu nutzen und mit dem 3:0 alles klar zu machen.<\/p>\n<p>Unter der Woche geht es nun am Donnerstag zum 2. Pokalspiel nach Oythe. Abendspiel, Flutlichtathmosph\u00e4re, Pokal \u2013 Fu\u00dfballerherz, was willst du mehr? Wir wollen den n\u00e4chsten Kreisligisten \u00e4rgern!<\/p>\n<p>Mit freundlichen Gr\u00fc\u00dfen<\/p>\n<p>Coach P.<\/p>\n","protected":false},"excerpt":{"rendered":"<p>Punktspiel SW Osterfeine 3:0 SG Steinfeld\/M\u00fchlen II Der Patient ist auf dem Weg der Besserung. So, oder so \u00e4hnlich l\u00e4sst sich unsere Leistung gegen den Rivalen von der anderen Seite der Berge zusammenfassen. Gro\u00dfen Fu\u00dfball suchte man vergebens, aber eine weitestgehend konzentrierte Abwehrleistung brachte und dann doch die erhofften 3 Punkte ein. Anfangs schien das [&hellip;]<\/p>\n","protected":false},"author":3,"featured_media":0,"comment_status":"closed","ping_status":"closed","sticky":false,"template":"","format":"standard","meta":{"footnotes":""},"categories":[3],"tags":[],"_links":{"self":[{"href":"https:\/\/sw-osterfeine.de\/index.php?rest_route=\/wp\/v2\/posts\/19890"}],"collection":[{"href":"https:\/\/sw-osterfeine.de\/index.php?rest_route=\/wp\/v2\/posts"}],"about":[{"href":"https:\/\/sw-osterfeine.de\/index.php?rest_route=\/wp\/v2\/types\/post"}],"author":[{"embeddable":true,"href":"https:\/\/sw-osterfeine.de\/index.php?rest_route=\/wp\/v2\/users\/3"}],"replies":[{"embeddable":true,"href":"https:\/\/sw-osterfeine.de\/index.php?rest_route=%2Fwp%2Fv2%2Fcomments&post=19890"}],"version-history":[{"count":1,"href":"https:\/\/sw-osterfeine.de\/index.php?rest_route=\/wp\/v2\/posts\/19890\/revisions"}],"predecessor-version":[{"id":19891,"href":"https:\/\/sw-osterfeine.de\/index.php?rest_route=\/wp\/v2\/posts\/19890\/revisions\/19891"}],"wp:attachment":[{"href":"https:\/\/sw-osterfeine.de\/index.php?rest_route=%2Fwp%2Fv2%2Fmedia&parent=19890"}],"wp:term":[{"taxonomy":"category","embeddable":true,"href":"https:\/\/sw-osterfeine.de\/index.php?rest_route=%2Fwp%2Fv2%2Fcategories&post=19890"},{"taxonomy":"post_tag","embeddable":true,"href":"https:\/\/sw-osterfeine.de\/index.php?rest_route=%2Fwp%2Fv2%2Ftags&post=19890"}],"curies":[{"name":"wp","href":"https:\/\/api.w.org\/{rel}","templated":true}]}}