{"id":19929,"date":"2017-09-22T14:17:37","date_gmt":"2017-09-22T12:17:37","guid":{"rendered":"http:\/\/sw-osterfeine.de\/?p=19929"},"modified":"2017-09-22T14:21:58","modified_gmt":"2017-09-22T12:21:58","slug":"fundsachen-2","status":"publish","type":"post","link":"https:\/\/sw-osterfeine.de\/?p=19929","title":{"rendered":"Fundsachen"},"content":{"rendered":"<p>Seit Beginn der Saison hat sich der Turm der Fundsachen deutlich vergr\u00f6\u00dfert.<\/p>\n<div id=\"attachment_19932\" style=\"width: 314px\" class=\"wp-caption alignnone\"><a href=\"https:\/\/sw-osterfeine.de\/wp-content\/uploads\/2017\/09\/Fundsachen-3-e1506082462296.jpg\" data-rel=\"lightbox-image-0\" data-rl_title=\"\" data-rl_caption=\"\" title=\"\"><img loading=\"lazy\" decoding=\"async\" aria-describedby=\"caption-attachment-19932\" class=\"wp-image-19932\" src=\"https:\/\/sw-osterfeine.de\/wp-content\/uploads\/2017\/09\/Fundsachen-3-e1506082429537-300x181.jpg\" alt=\"Fundsachen 3\" width=\"304\" height=\"183\" \/><\/a><p id=\"caption-attachment-19932\" class=\"wp-caption-text\">gekennzeichnete Kleidungsst\u00fccke: schwarze Softshell-Jacke &#8211; Aufdruck &#8222;Henry&#8220;; blau-weis getreifte Regenjacke &#8211; &#8222;Luc N&#8220;; schwarze Regenjacke &#8211; &#8222;Mats Deters&#8220;<\/p><\/div>\n<p>&nbsp;<\/p>\n<p><a href=\"https:\/\/sw-osterfeine.de\/wp-content\/uploads\/2017\/09\/Fundsachen-2-e1506082390513.jpg\" data-rel=\"lightbox-image-1\" data-rl_title=\"\" data-rl_caption=\"\" title=\"\"><img loading=\"lazy\" decoding=\"async\" class=\"alignnone wp-image-19931\" src=\"https:\/\/sw-osterfeine.de\/wp-content\/uploads\/2017\/09\/Fundsachen-2-e1506082374435-300x210.jpg\" alt=\"Fundsachen 2\" width=\"304\" height=\"213\" \/><\/a><\/p>\n<div id=\"attachment_19930\" style=\"width: 235px\" class=\"wp-caption alignnone\"><a href=\"https:\/\/sw-osterfeine.de\/wp-content\/uploads\/2017\/09\/Fundsachen-1-e1506082412366.jpg\" data-rel=\"lightbox-image-2\" data-rl_title=\"\" data-rl_caption=\"\" title=\"\"><img loading=\"lazy\" decoding=\"async\" aria-describedby=\"caption-attachment-19930\" class=\"size-medium wp-image-19930\" src=\"https:\/\/sw-osterfeine.de\/wp-content\/uploads\/2017\/09\/Fundsachen-1-225x300.jpg\" alt=\"Rucksack inklusive Hallenschuhen und Pullover\" width=\"225\" height=\"300\" \/><\/a><p id=\"caption-attachment-19930\" class=\"wp-caption-text\">Rucksack inklusive Hallenschuhen und Pullover<\/p><\/div>\n<p>Wer Kleidungsst\u00fccke von sich oder seinen Kindern auf Bildern wiedererkennt, der m\u00f6ge diese bitte bei der Gesch\u00e4ftsstelle abholen.<\/p>\n<p>&nbsp;<\/p>\n","protected":false},"excerpt":{"rendered":"<p>Seit Beginn der Saison hat sich der Turm der Fundsachen deutlich vergr\u00f6\u00dfert. &nbsp; Wer Kleidungsst\u00fccke von sich oder seinen Kindern auf Bildern wiedererkennt, der m\u00f6ge diese bitte bei der Gesch\u00e4ftsstelle abholen. &nbsp;<\/p>\n","protected":false},"author":3,"featured_media":0,"comment_status":"closed","ping_status":"closed","sticky":false,"template":"","format":"standard","meta":{"footnotes":""},"categories":[37],"tags":[],"_links":{"self":[{"href":"https:\/\/sw-osterfeine.de\/index.php?rest_route=\/wp\/v2\/posts\/19929"}],"collection":[{"href":"https:\/\/sw-osterfeine.de\/index.php?rest_route=\/wp\/v2\/posts"}],"about":[{"href":"https:\/\/sw-osterfeine.de\/index.php?rest_route=\/wp\/v2\/types\/post"}],"author":[{"embeddable":true,"href":"https:\/\/sw-osterfeine.de\/index.php?rest_route=\/wp\/v2\/users\/3"}],"replies":[{"embeddable":true,"href":"https:\/\/sw-osterfeine.de\/index.php?rest_route=%2Fwp%2Fv2%2Fcomments&post=19929"}],"version-history":[{"count":3,"href":"https:\/\/sw-osterfeine.de\/index.php?rest_route=\/wp\/v2\/posts\/19929\/revisions"}],"predecessor-version":[{"id":19936,"href":"https:\/\/sw-osterfeine.de\/index.php?rest_route=\/wp\/v2\/posts\/19929\/revisions\/19936"}],"wp:attachment":[{"href":"https:\/\/sw-osterfeine.de\/index.php?rest_route=%2Fwp%2Fv2%2Fmedia&parent=19929"}],"wp:term":[{"taxonomy":"category","embeddable":true,"href":"https:\/\/sw-osterfeine.de\/index.php?rest_route=%2Fwp%2Fv2%2Fcategories&post=19929"},{"taxonomy":"post_tag","embeddable":true,"href":"https:\/\/sw-osterfeine.de\/index.php?rest_route=%2Fwp%2Fv2%2Ftags&post=19929"}],"curies":[{"name":"wp","href":"https:\/\/api.w.org\/{rel}","templated":true}]}}