{"id":19938,"date":"2017-09-25T08:21:53","date_gmt":"2017-09-25T06:21:53","guid":{"rendered":"http:\/\/sw-osterfeine.de\/?p=19938"},"modified":"2017-09-25T08:21:53","modified_gmt":"2017-09-25T06:21:53","slug":"19938","status":"publish","type":"post","link":"https:\/\/sw-osterfeine.de\/?p=19938","title":{"rendered":""},"content":{"rendered":"<p>Liebe Fu\u00df- und Handballer, liebe OSV-Mitglieder!!<\/p>\n<p>Liebe Jugend- und Herren\/Damenmannschaften<\/p>\n<p>&nbsp;<\/p>\n<p>Am Dienstag, den 3.10.2017 findet der traditionelle <strong>D\u00fcmmerlauf<\/strong> unserer Lauftreffabteilung statt. Die Veranstaltung hat mittlerweile einen \u00fcberregionalen Ruf erlangt.<\/p>\n<p>Hiermit m\u00f6chte ich alle Mannschaftsportler aufmuntern und bitten sich an diesem Lauf zu beteiligen. Hiermit k\u00f6nnt ihr den Zusammenhalt in Eurem Verein dokumentieren, k\u00f6nnt eine abwechslungsreiche Trainingseinheit absolvieren und auch mal eine neue sportliche Erfahrung genie\u00dfen.<\/p>\n<p>Gerade unsere Fu\u00dfball- und Handballteams freuen sich Jahr f\u00fcr Jahr \u00fcber Zuschauer und Unterst\u00fctzung aus allen Abteilungen. Am <strong>3.10. 2017<\/strong> habt Ihr nun die M\u00f6glichkeit auch unsere L\u00e4ufer durch Eure Teilnahme zu unterst\u00fctzen. Um <strong>10.00 ist Start<\/strong>. Meldet Euch bitte rechtzeitig bei Euren Trainern an oder auch \u00fcber die OSV-Homepage oder bei den Verantwortlichen der Laufabteilung, damit die Anmeldelisten rechtzeitig erstellt werden k\u00f6nnen. Die Startgeb\u00fchr betr\u00e4gt 5,&#8211; Euro und ist f\u00fcr Sportler gegen Hunger. Die Strecken betragen 3 bis <strong>18,6<\/strong> Kilometer. Also am Feiertagsmorgen, <strong>raus aus den Federn<\/strong> und ab zum D\u00fcmmer.<\/p>\n<p>Helft bitte Alle mit, dass der D\u00fcmmerlauf 2017 zu einem tollen gemeinsamen Vereinsereignis wird.<\/p>\n<p>Viel Spa\u00df beim D\u00fcmmerlauf\u00a0\u00a0\u00a0\u00a0\u00a0\u00a0\u00a0\u00a0\u00a0\u00a0\u00a0\u00a0\u00a0<\/p>\n<p>Bubble<\/p>\n","protected":false},"excerpt":{"rendered":"<p>Liebe Fu\u00df- und Handballer, liebe OSV-Mitglieder!! Liebe Jugend- und Herren\/Damenmannschaften &nbsp; Am Dienstag, den 3.10.2017 findet der traditionelle D\u00fcmmerlauf unserer Lauftreffabteilung statt. Die Veranstaltung hat mittlerweile einen \u00fcberregionalen Ruf erlangt. Hiermit m\u00f6chte ich alle Mannschaftsportler aufmuntern und bitten sich an diesem Lauf zu beteiligen. Hiermit k\u00f6nnt ihr den Zusammenhalt in Eurem Verein dokumentieren, k\u00f6nnt eine [&hellip;]<\/p>\n","protected":false},"author":3,"featured_media":0,"comment_status":"closed","ping_status":"closed","sticky":false,"template":"","format":"standard","meta":{"footnotes":""},"categories":[38,37],"tags":[],"_links":{"self":[{"href":"https:\/\/sw-osterfeine.de\/index.php?rest_route=\/wp\/v2\/posts\/19938"}],"collection":[{"href":"https:\/\/sw-osterfeine.de\/index.php?rest_route=\/wp\/v2\/posts"}],"about":[{"href":"https:\/\/sw-osterfeine.de\/index.php?rest_route=\/wp\/v2\/types\/post"}],"author":[{"embeddable":true,"href":"https:\/\/sw-osterfeine.de\/index.php?rest_route=\/wp\/v2\/users\/3"}],"replies":[{"embeddable":true,"href":"https:\/\/sw-osterfeine.de\/index.php?rest_route=%2Fwp%2Fv2%2Fcomments&post=19938"}],"version-history":[{"count":1,"href":"https:\/\/sw-osterfeine.de\/index.php?rest_route=\/wp\/v2\/posts\/19938\/revisions"}],"predecessor-version":[{"id":19939,"href":"https:\/\/sw-osterfeine.de\/index.php?rest_route=\/wp\/v2\/posts\/19938\/revisions\/19939"}],"wp:attachment":[{"href":"https:\/\/sw-osterfeine.de\/index.php?rest_route=%2Fwp%2Fv2%2Fmedia&parent=19938"}],"wp:term":[{"taxonomy":"category","embeddable":true,"href":"https:\/\/sw-osterfeine.de\/index.php?rest_route=%2Fwp%2Fv2%2Fcategories&post=19938"},{"taxonomy":"post_tag","embeddable":true,"href":"https:\/\/sw-osterfeine.de\/index.php?rest_route=%2Fwp%2Fv2%2Ftags&post=19938"}],"curies":[{"name":"wp","href":"https:\/\/api.w.org\/{rel}","templated":true}]}}