{"id":19940,"date":"2017-09-25T08:28:03","date_gmt":"2017-09-25T06:28:03","guid":{"rendered":"http:\/\/sw-osterfeine.de\/?p=19940"},"modified":"2017-09-25T08:33:36","modified_gmt":"2017-09-25T06:33:36","slug":"1-b-pokalspiel-vfl-oythe-ii-65-sw-osterfeine-nach-elfmeterschiessen","status":"publish","type":"post","link":"https:\/\/sw-osterfeine.de\/?p=19940","title":{"rendered":"1. B &#8211; Pokalspiel VFL Oythe II 6:5 SW Osterfeine (nach Elfmeterschie\u00dfen)"},"content":{"rendered":"<p>Einen echten Pokalfight lieferten wir unter der Woche in Oythe ab. Nachdem wir mit Brockdorf II in der ersten Pokalrunde bereits einen h\u00f6herklassigen Gegner aus dem Weg ger\u00e4umt hatten, wollten wir in Oythe den n\u00e4chsten Kreisligisten \u00e4rgern.<\/p>\n<p>Wie schwer das werden sollte zeigte sich bereits in den ersten Minuten der Partie. Oythe war bissig in den Zweik\u00e4mpfen und technisch stark. Mit dem schnellen Angriffsspiel der Gastgeber hatten wir so unsere Probleme, auch wenn die hundertprozentigen Chancen doch rar ges\u00e4t waren. Unsere eigene Offensive kam \u00fcberhaupt nicht zur Geltung. Mit zunehmender Spielzeit sollte es uns jedoch gelingen die Fl\u00fcgell\u00e4ufe der Nordkreisler besser zu unterbinden und bereits im Mittelfeld in die Zweik\u00e4mpfe zu kommen. Nach einem Freisto\u00df bot sich uns sogar die Chance zur F\u00fchrung, welche wir jedoch etwas \u00fcberhastet vergaben. Mitten in diese Phase hinein fiel dann das 1:0 f\u00fcr Oythe. In der 31. Minute waren wir zu weit aufger\u00fcckt und konnten das resultierende Kontertor nicht mehr verhindern.<\/p>\n<p>In der Halbzeit herrschte Einigkeit \u2013 wir wollten mit diesem Einsatz weiterspielen und die n\u00e4chste sich bietende Gelegenheit nutzen, um diesem Spiel noch eine Wendung zu geben. Es folgte ein mehr oder weniger offener Schlagabtausch mit Vorteilen f\u00fcr die Gastgeber. Zunehmend gelang es uns jedoch kleine Nadelstiche zu setzen. Diese sollten in der 68. Minute belohnt werden, als Moritz gro\u00dfe Kl\u00f6nne nach einer Standardsituation aus dem Gew\u00fchl heraus den Ausgleich erzielte. Mit Kampf, Leidenschaft und einem gl\u00e4nzend aufgelegten Torh\u00fcter gelang es uns dieses Ergebnis zu halten \u2013 das bedeutete Verl\u00e4ngerung.<\/p>\n<p>Auch hier ging der Zerm\u00fcrbungskampf weiter \u2013 zun\u00e4chst mit dem besseren Ende f\u00fcr Oythe. In der 9. Minute der Verl\u00e4ngerung mussten wir den zweiten Gegentreffer hinnehmen. Da kurz darauf zur letzten Pause gepfiffen wurde hie\u00df es Mund abputzen und nochmal alles geben \u2013 wir hatten es schlie\u00dflich schon einmal geschafft. Gesagt, getan \u2013 Henning \u201eSpecker\u201c Bley war im zweiten Spiel in Folge erfolgreich und versenkte einen Abpraller nach unserem Freisto\u00df in der 13. Minute der Verl\u00e4ngerung mit einem absoluten Strahl im Netz. Der Pokalkrimi war perfekt. Das 2:2 verteidigten wir mit allem was wir hatten und somit hie\u00df es nach 100 Minuten \u201eElfmeterschie\u00dfen\u201c.<!--more--><\/p>\n<p>Nun machte sich dann aber doch das aufreibende Spiel bemerkbar. Obwohl Torwart Louis Staffehl bei jedem Schuss die richtige Ecke geahnt und an fast allen seine Finger dran hatte gelang es ihm leider nur einen aus dem Tor fernzuhalten. Ausgerechnet unserem im Training als besten Elfmetersch\u00fctzen ausgemachten Innenverteidiger Mark Fischer sollte es nicht gelingen den gegnerischen Torh\u00fcter zu bezwingen. W\u00e4hrend des Spiels geh\u00f6rten beide Akteure unbestritten zu den besten Spielern auf dem Platz. Da sowohl Oythe, als auch unsere weiteren Elfmetersch\u00fctzen Frank Deters, Henning Bley und Linus Bandowsky allesamt sicher verwandelten lief es auf einen Showdown zwischen den beiden Torh\u00fctern hinaus. Louis trat zum letzten Elfmeter selber an, sch\u00e4tzte jedoch das Gewicht des Balles falsch ein und bef\u00f6rderte ihn \u00fcber das Tor.<\/p>\n<p>Am Ende muss man sagen, dass das bessere Team gewonnen hat. F\u00fcr uns ist das schade, dennoch lassen wir die K\u00f6pfe nicht h\u00e4ngen sondern nehmen diese Leistung mit als Grundlage f\u00fcr kommende Partien. Wir haben uns an diesem Tag viel Respekt erarbeitet.<\/p>\n<p>Ein gro\u00dfes DANKESCH\u00d6N gilt den als Aushilfe mitgereisten Spielern Justus \u201e10er\u201c Krebeck, David Lamping und Christopher gro\u00dfe Kl\u00f6nne, die sich klasse in das Team eingef\u00fcgt und alles gegeben haben.<\/p>\n<p>Es gibt Spiele, nach denen man mit drei Punkten im Gep\u00e4ck nach Hause f\u00e4hrt und sich trotzdem \u00fcber seine Leistung \u00e4rgert\u2026 und es gibt eben auch Spiele, die man zwar verliert, nach denen man aber dennoch stolz auf die gezeigte Leistung sein kann. Dieses Spiel geh\u00f6rte vom Einsatz her, den ausnahmslos jeder Spieler an den Tag gelegt hat definitiv zu der zweiten Kategorie. Wenn diese Einsatzbereitschaft in den kommenden Spielen beibehalten wird brauchen wir uns vor keiner Mannschaft im Kreis Vechta verstecken.<\/p>\n<p>Dies wollen wir am Sonntag auch in der Liga wieder beweisen \u2013 beim Tabellensechsten in Visbek.<\/p>\n<p>Mit freundlichen Gr\u00fc\u00dfen<\/p>\n<p>Coach P.<\/p>\n","protected":false},"excerpt":{"rendered":"<p>Einen echten Pokalfight lieferten wir unter der Woche in Oythe ab. Nachdem wir mit Brockdorf II in der ersten Pokalrunde bereits einen h\u00f6herklassigen Gegner aus dem Weg ger\u00e4umt hatten, wollten wir in Oythe den n\u00e4chsten Kreisligisten \u00e4rgern. Wie schwer das werden sollte zeigte sich bereits in den ersten Minuten der Partie. Oythe war bissig in [&hellip;]<\/p>\n","protected":false},"author":3,"featured_media":0,"comment_status":"closed","ping_status":"closed","sticky":false,"template":"","format":"standard","meta":{"footnotes":""},"categories":[3],"tags":[],"_links":{"self":[{"href":"https:\/\/sw-osterfeine.de\/index.php?rest_route=\/wp\/v2\/posts\/19940"}],"collection":[{"href":"https:\/\/sw-osterfeine.de\/index.php?rest_route=\/wp\/v2\/posts"}],"about":[{"href":"https:\/\/sw-osterfeine.de\/index.php?rest_route=\/wp\/v2\/types\/post"}],"author":[{"embeddable":true,"href":"https:\/\/sw-osterfeine.de\/index.php?rest_route=\/wp\/v2\/users\/3"}],"replies":[{"embeddable":true,"href":"https:\/\/sw-osterfeine.de\/index.php?rest_route=%2Fwp%2Fv2%2Fcomments&post=19940"}],"version-history":[{"count":4,"href":"https:\/\/sw-osterfeine.de\/index.php?rest_route=\/wp\/v2\/posts\/19940\/revisions"}],"predecessor-version":[{"id":19944,"href":"https:\/\/sw-osterfeine.de\/index.php?rest_route=\/wp\/v2\/posts\/19940\/revisions\/19944"}],"wp:attachment":[{"href":"https:\/\/sw-osterfeine.de\/index.php?rest_route=%2Fwp%2Fv2%2Fmedia&parent=19940"}],"wp:term":[{"taxonomy":"category","embeddable":true,"href":"https:\/\/sw-osterfeine.de\/index.php?rest_route=%2Fwp%2Fv2%2Fcategories&post=19940"},{"taxonomy":"post_tag","embeddable":true,"href":"https:\/\/sw-osterfeine.de\/index.php?rest_route=%2Fwp%2Fv2%2Ftags&post=19940"}],"curies":[{"name":"wp","href":"https:\/\/api.w.org\/{rel}","templated":true}]}}