{"id":19945,"date":"2017-09-25T08:35:12","date_gmt":"2017-09-25T06:35:12","guid":{"rendered":"http:\/\/sw-osterfeine.de\/?p=19945"},"modified":"2017-09-25T09:04:01","modified_gmt":"2017-09-25T07:04:01","slug":"cross-fit-fuer-kinder","status":"publish","type":"post","link":"https:\/\/sw-osterfeine.de\/?p=19945","title":{"rendered":"Cross Fit f\u00fcr Kinder"},"content":{"rendered":"<p>Liebe Vereinsmitglieder<\/p>\n<p>&nbsp;<\/p>\n<p>der Sportverein Schwarz-Wei\u00df Osterfeine hat im September eine neue Sportgruppe<\/p>\n<p>\u201eCross Fit f\u00fcr Kinder\u201c, er\u00f6ffnet.<\/p>\n<p>Hierbei ist der Grundgedanke, dass wir eine motivierende und gesundheitsf\u00f6rdernde Ausrichtung f\u00fcr Kinder mit dem Ziel, dass Kinder regelm\u00e4\u00dfige Bewegung f\u00fcr ihr Wohlbefinden brauchen, geschaffen haben.<\/p>\n<p>Diese Bewegung wird spielerisch durch Spa\u00df dem Alter entsprechend durch ein angepasstes<\/p>\n<p>Training in der Cross Fit Sportgruppe vermittelt.<\/p>\n<p>So lernen die Kinder fr\u00fch, wie wichtig regelm\u00e4\u00dfige Bewegung f\u00fcr ihr Wohlbefinden ist.<\/p>\n<p>In der Sportgruppe \u201eCross Fit f\u00fcr Kinder\u201c erlernen die Kinder das Training von Genauigkeit, Geschicklichkeit, Balance, Koordination, Durchhalteverm\u00f6gen, Beweglichkeit, Energie, Schnelligkeit, Ausdauer und Kraft.<\/p>\n<p>Dazu werden die \u00dcbungen wie Laufen, Springen, Ziehen, Pressen, Heben und \u00dcbungen zur K\u00f6rperwahrnehmung bewusst eingesetzt.<\/p>\n<p>&nbsp;<\/p>\n<p><strong>Ein besonderer Dank gilt der R\u00fcckenwind-Stiftung f\u00fcr Kinder &amp; Jugendliche f\u00fcr ihre Unterst\u00fctzung.<\/strong><\/p>\n<p><strong>\u00a0<\/strong><\/p>\n<p>Mit dieser Unterst\u00fctzung konnte der Sportverein Osterfeine f\u00fcr die Cross Fit Sportgruppe f\u00fcr Kinder, die passenden Materialien wie 20 St\u00fcck Matten 180x60x1,5cm inkl. Wandhalter und 20 St\u00fcck Schwingst\u00e4be (Cross Fit) anschaffen.<\/p>\n\n\t\t<style type=\"text\/css\">\n\t\t\t#gallery-1 {\n\t\t\t\tmargin: auto;\n\t\t\t}\n\t\t\t#gallery-1 .gallery-item {\n\t\t\t\tfloat: left;\n\t\t\t\tmargin-top: 10px;\n\t\t\t\ttext-align: center;\n\t\t\t\twidth: 33%;\n\t\t\t}\n\t\t\t#gallery-1 img {\n\t\t\t\tborder: 2px solid #cfcfcf;\n\t\t\t}\n\t\t\t#gallery-1 .gallery-caption {\n\t\t\t\tmargin-left: 0;\n\t\t\t}\n\t\t\t\/* see gallery_shortcode() in wp-includes\/media.php *\/\n\t\t<\/style>\n\t\t<div id='gallery-1' class='gallery galleryid-19945 gallery-columns-3 gallery-size-thumbnail'><dl class='gallery-item'>\n\t\t\t<dt class='gallery-icon landscape'>\n\t\t\t\t<a href='https:\/\/sw-osterfeine.de\/wp-content\/uploads\/2017\/09\/IMG-20170918-WA0000-e1506322989275.jpg' title=\"\" data-rl_title=\"\" class=\"rl-gallery-link\" data-rl_caption=\"\" data-rel=\"lightbox-gallery-1\"><img loading=\"lazy\" decoding=\"async\" width=\"150\" height=\"150\" src=\"https:\/\/sw-osterfeine.de\/wp-content\/uploads\/2017\/09\/IMG-20170918-WA0000-150x150.jpg\" class=\"attachment-thumbnail size-thumbnail\" alt=\"\" \/><\/a>\n\t\t\t<\/dt><\/dl><dl class='gallery-item'>\n\t\t\t<dt class='gallery-icon portrait'>\n\t\t\t\t<a href='https:\/\/sw-osterfeine.de\/wp-content\/uploads\/2017\/09\/DSC_0403-e1506322977886.jpg' title=\"\" data-rl_title=\"\" class=\"rl-gallery-link\" data-rl_caption=\"\" data-rel=\"lightbox-gallery-1\"><img loading=\"lazy\" decoding=\"async\" width=\"150\" height=\"150\" src=\"https:\/\/sw-osterfeine.de\/wp-content\/uploads\/2017\/09\/DSC_0403-e1506322967159-150x150.jpg\" class=\"attachment-thumbnail size-thumbnail\" alt=\"\" \/><\/a>\n\t\t\t<\/dt><\/dl><dl class='gallery-item'>\n\t\t\t<dt class='gallery-icon landscape'>\n\t\t\t\t<a href='https:\/\/sw-osterfeine.de\/wp-content\/uploads\/2017\/09\/DSC_0375-e1506322954737.jpg' title=\"\" data-rl_title=\"\" class=\"rl-gallery-link\" data-rl_caption=\"\" data-rel=\"lightbox-gallery-1\"><img loading=\"lazy\" decoding=\"async\" width=\"150\" height=\"150\" src=\"https:\/\/sw-osterfeine.de\/wp-content\/uploads\/2017\/09\/DSC_0375-150x150.jpg\" class=\"attachment-thumbnail size-thumbnail\" alt=\"\" \/><\/a>\n\t\t\t<\/dt><\/dl><br style=\"clear: both\" \/>\n\t\t<\/div>\n\n","protected":false},"excerpt":{"rendered":"<p>Liebe Vereinsmitglieder &nbsp; der Sportverein Schwarz-Wei\u00df Osterfeine hat im September eine neue Sportgruppe \u201eCross Fit f\u00fcr Kinder\u201c, er\u00f6ffnet. Hierbei ist der Grundgedanke, dass wir eine motivierende und gesundheitsf\u00f6rdernde Ausrichtung f\u00fcr Kinder mit dem Ziel, dass Kinder regelm\u00e4\u00dfige Bewegung f\u00fcr ihr Wohlbefinden brauchen, geschaffen haben. Diese Bewegung wird spielerisch durch Spa\u00df dem Alter entsprechend durch ein [&hellip;]<\/p>\n","protected":false},"author":3,"featured_media":0,"comment_status":"closed","ping_status":"closed","sticky":false,"template":"","format":"standard","meta":{"footnotes":""},"categories":[42],"tags":[],"_links":{"self":[{"href":"https:\/\/sw-osterfeine.de\/index.php?rest_route=\/wp\/v2\/posts\/19945"}],"collection":[{"href":"https:\/\/sw-osterfeine.de\/index.php?rest_route=\/wp\/v2\/posts"}],"about":[{"href":"https:\/\/sw-osterfeine.de\/index.php?rest_route=\/wp\/v2\/types\/post"}],"author":[{"embeddable":true,"href":"https:\/\/sw-osterfeine.de\/index.php?rest_route=\/wp\/v2\/users\/3"}],"replies":[{"embeddable":true,"href":"https:\/\/sw-osterfeine.de\/index.php?rest_route=%2Fwp%2Fv2%2Fcomments&post=19945"}],"version-history":[{"count":4,"href":"https:\/\/sw-osterfeine.de\/index.php?rest_route=\/wp\/v2\/posts\/19945\/revisions"}],"predecessor-version":[{"id":19952,"href":"https:\/\/sw-osterfeine.de\/index.php?rest_route=\/wp\/v2\/posts\/19945\/revisions\/19952"}],"wp:attachment":[{"href":"https:\/\/sw-osterfeine.de\/index.php?rest_route=%2Fwp%2Fv2%2Fmedia&parent=19945"}],"wp:term":[{"taxonomy":"category","embeddable":true,"href":"https:\/\/sw-osterfeine.de\/index.php?rest_route=%2Fwp%2Fv2%2Fcategories&post=19945"},{"taxonomy":"post_tag","embeddable":true,"href":"https:\/\/sw-osterfeine.de\/index.php?rest_route=%2Fwp%2Fv2%2Ftags&post=19945"}],"curies":[{"name":"wp","href":"https:\/\/api.w.org\/{rel}","templated":true}]}}