{"id":19977,"date":"2017-10-03T17:04:53","date_gmt":"2017-10-03T15:04:53","guid":{"rendered":"http:\/\/sw-osterfeine.de\/?p=19977"},"modified":"2017-10-03T17:04:53","modified_gmt":"2017-10-03T15:04:53","slug":"damen-handball-regionsoberliga-2","status":"publish","type":"post","link":"https:\/\/sw-osterfeine.de\/?p=19977","title":{"rendered":"Damen Handball Regionsoberliga"},"content":{"rendered":"<div>TV Dinklage III &#8211; SW Osterfeine II\u00a0 33 &#8211; 22\u00a0\u00a0 ( 17-8 )<\/div>\n<div>\u00a0<\/div>\n<div style=\"text-align: left; padding-left: 30px;\">Die Dinklager &#8220; Dritte &#8220; feiert Heimsieg gegen eine ersatzgeschw\u00e4chte Osterfeiner Mannschaft .Die Gastgeberinnen legten den Grundstein zum Erfolg in der 1. Spielh\u00e4lfte (\u00a0 3-3, 7-3, 13-5, 17-8 )und hatten mit den ehemaligen Oberligaspielerinnen Karin B\u00f6ckenstette ( 8 ) und Waltraud Schwarz( 6 ) ihre besten Torsch\u00fctzen .\u00a0 SWO &#8211; Coach Knochenwefel mu\u00dfte auf acht Spielerinnen verzichten , in der 1. H\u00e4lfte waren unsere Au\u00dfenangreiferinnen abgemeldet , wir liefen &#8220; in die Wurffallen &#8220; der Dinklager Abwehrreihe , haben die Torchancen nicht genutzt und die TVD &#8211; Damen erzielten leichte Tore durch Tempogegenst\u00f6\u00dfe .\u00a0 Nach der Pause lief es wesentlich besser bei den Schwarz &#8211; Wei\u00dfen, die trotz des hohen R\u00fcckstands aus den ersten drei\u00dfig Minuten nicht aufgaben. Die Deckungsreihe arbeitete ordentlich, die 2. Welle erspielte sich viele M\u00f6glichkeiten\u00a0 und wir haben \u00fcber alle Positionen Tore gemacht\u00a0 . Jetzt haben wir mit 0 &#8211; 4 Z\u00e4hlern einen Fehlstart hingelegt , stecken in einer Negativspirale und nun gehts zum Tabellenzweiten SV Cappeln I\u00a0 ( 30.9.17,\u00a0 17 Uhr ) . Trotzdem ist der Osterfeiner Trainer zuversichtlich , das wir da wieder rauskommen wenn wir alle an einem Strang ziehen . Ein &#8220; Mittelfeldplatz ist unser Ziel &#8220; .\u00a0 Tore f\u00fcr Osterfeine :\u00a0 Rebecca ( 2) , Annemarie ( 1) , Ulrike ( 1) , Maike ( 8\/6 ) , Vanessa ( 1) , Michaela ( 4) und\u00a0 Tessy ( 5) .<\/div>\n<div>\u00a0<\/div>\n<div>\u00a0\u00a0\u00a0\u00a0\u00a0\u00a0\u00a0\u00a0\u00a0\u00a0\u00a0\u00a0\u00a0\u00a0\u00a0\u00a0\u00a0\u00a0\u00a0\u00a0\u00a0\u00a0\u00a0\u00a0\u00a0\u00a0\u00a0\u00a0\u00a0\u00a0\u00a0\u00a0\u00a0\u00a0\u00a0\u00a0\u00a0\u00a0\u00a0\u00a0\u00a0\u00a0\u00a0\u00a0\u00a0\u00a0\u00a0\u00a0\u00a0\u00a0\u00a0\u00a0\u00a0\u00a0\u00a0\u00a0\u00a0\u00a0\u00a0\u00a0\u00a0\u00a0\u00a0\u00a0\u00a0\u00a0\u00a0\u00a0\u00a0\u00a0\u00a0\u00a0\u00a0\u00a0\u00a0\u00a0\u00a0\u00a0\u00a0\u00a0\u00a0\u00a0\u00a0\u00a0\u00a0\u00a0\u00a0\u00a0\u00a0\u00a0\u00a0\u00a0\u00a0 mit sportlichem Gru\u00df die Handballerinnen<\/div>\n<div>\u00a0<\/div>\n","protected":false},"excerpt":{"rendered":"<p>TV Dinklage III &#8211; SW Osterfeine II\u00a0 33 &#8211; 22\u00a0\u00a0 ( 17-8 ) \u00a0 Die Dinklager &#8220; Dritte &#8220; feiert Heimsieg gegen eine ersatzgeschw\u00e4chte Osterfeiner Mannschaft .Die Gastgeberinnen legten den Grundstein zum Erfolg in der 1. Spielh\u00e4lfte (\u00a0 3-3, 7-3, 13-5, 17-8 )und hatten mit den ehemaligen Oberligaspielerinnen Karin B\u00f6ckenstette ( 8 ) und Waltraud [&hellip;]<\/p>\n","protected":false},"author":3,"featured_media":0,"comment_status":"closed","ping_status":"closed","sticky":false,"template":"","format":"standard","meta":{"footnotes":""},"categories":[1],"tags":[],"_links":{"self":[{"href":"https:\/\/sw-osterfeine.de\/index.php?rest_route=\/wp\/v2\/posts\/19977"}],"collection":[{"href":"https:\/\/sw-osterfeine.de\/index.php?rest_route=\/wp\/v2\/posts"}],"about":[{"href":"https:\/\/sw-osterfeine.de\/index.php?rest_route=\/wp\/v2\/types\/post"}],"author":[{"embeddable":true,"href":"https:\/\/sw-osterfeine.de\/index.php?rest_route=\/wp\/v2\/users\/3"}],"replies":[{"embeddable":true,"href":"https:\/\/sw-osterfeine.de\/index.php?rest_route=%2Fwp%2Fv2%2Fcomments&post=19977"}],"version-history":[{"count":7,"href":"https:\/\/sw-osterfeine.de\/index.php?rest_route=\/wp\/v2\/posts\/19977\/revisions"}],"predecessor-version":[{"id":19985,"href":"https:\/\/sw-osterfeine.de\/index.php?rest_route=\/wp\/v2\/posts\/19977\/revisions\/19985"}],"wp:attachment":[{"href":"https:\/\/sw-osterfeine.de\/index.php?rest_route=%2Fwp%2Fv2%2Fmedia&parent=19977"}],"wp:term":[{"taxonomy":"category","embeddable":true,"href":"https:\/\/sw-osterfeine.de\/index.php?rest_route=%2Fwp%2Fv2%2Fcategories&post=19977"},{"taxonomy":"post_tag","embeddable":true,"href":"https:\/\/sw-osterfeine.de\/index.php?rest_route=%2Fwp%2Fv2%2Ftags&post=19977"}],"curies":[{"name":"wp","href":"https:\/\/api.w.org\/{rel}","templated":true}]}}