{"id":19986,"date":"2017-10-03T17:09:10","date_gmt":"2017-10-03T15:09:10","guid":{"rendered":"http:\/\/sw-osterfeine.de\/?p=19986"},"modified":"2017-10-03T17:09:10","modified_gmt":"2017-10-03T15:09:10","slug":"handball-1-damen-6","status":"publish","type":"post","link":"https:\/\/sw-osterfeine.de\/?p=19986","title":{"rendered":"Handball 1. Damen"},"content":{"rendered":"<p>Vermeidbare Niederlage! Fassungslose Gesichter bei der Niederlage gegen SFN Vechta II <\/p>\n<p>Schade, da war mehr drin!! Mit einer ebenso \u00e4rgerlichen wie vermeidbaren Niederlage mussten wir am Freitag die Sporthalle West in Vechta verlassen. Ohne Frage, SFN hat in diesem Jahr eine starke Truppe am Start, die sicher ganz oben mitspielen wird. Das Ziel von Vechtas Handballmotor Kai Freese, Trainer der Drittligamannschaft, ist ein baldiger Aufstieg der Reservemannschaft in die Landesliga \u2013 und Vechta ist mit der aktuellen Besetzung auf einem guten Weg. Dennoch war die Niederlage f\u00fcr uns sehr ungl\u00fccklich.<\/p>\n<p>In der ersten Halbzeit entwickelte sich eine schnelle und spannende Partie mit wechselnden F\u00fchrungen. Zun\u00e4chst lagen wir mit drei Toren in Front, dann konterte uns Vechta mehrmals einfach aus und ging so selber mit zwei Treffern in F\u00fchrung. Das wiederum weckte bei uns erneut den Kampfgeist, denn bis zur Pause konnten wir einen 7:9-R\u00fcckstand noch in eine 12:10-F\u00fchrung umwandeln. <\/p>\n<p>Auch der erste Treffer des zweiten Abschnitts ging an uns, ehe sich die aus unserer Sicht spielentscheidende Szene ereignete. Vechta spielt eine Zweite Welle, bei der eine Spielerin von SFN direkt vor unserer Bank ins Straucheln geriet. Anika Kruthaup hatte den Vorsprung auf die Vechtaer Spielerin bereits fast komplett verk\u00fcrzt und kam dadurch selber zu Fall. Aber so ist halt der Handball, solche Aktionen passieren jede Woche und in jeder Halle zu Gen\u00fcge. <\/p>\n<p>Diese Situation entscheiden die ohnehin nicht harmonisch wirkenden Schiedsrichter allerdings mit einer Roten Karte gegen unsere Spielmacherin, obwohl beide Schiedsrichter die Situation nur aus deutlicher Entfernung gesehen haben k\u00f6nnen. Jedenfalls war unser Team in den folgenden Minuten wie konsterniert und fing sich vier Tore in Folge. Am Ende spielte Vechta das Ding clever und routiniert runter.\u00a0 <\/p>\n<p>Diese bittere Kr\u00f6te m\u00fcssen wir jetzt schlucken, werden aber sicher entsprechend gest\u00e4rkt und mit Wut im Bauch in das n\u00e4chste Spiel am kommenden Sonntag gehen.Dickes Sonderlob an unsere erst 18j\u00e4hrige Torh\u00fcterin Carolin Meyer, die zum Einsatz kam, weil gleich vier Seniorentorh\u00fcterinnen krank bzw. verletzt waren. Carolin ist ganz kurzfristig eingestiegen und hatte zuvor lediglich eine Trainingseinheit mit der Mannschaft absolviert. Vier gehaltene 7er und etliche gute W\u00fcrfe &#8211; auf diese Leistung kann Carolin aufbauen. Das wird (hoffentlich) ganz sicher nicht ihr letzter Einsatz bei uns gewesen sein. <\/p>\n<p>Also dann\u2026am Sonntag \u201eauf zur Halle\u201c!!!<\/p>\n<p>&nbsp;<\/p>\n<p>&nbsp;<\/p>\n<p>&nbsp;<\/p>\n","protected":false},"excerpt":{"rendered":"<p>Vermeidbare Niederlage! Fassungslose Gesichter bei der Niederlage gegen SFN Vechta II Schade, da war mehr drin!! Mit einer ebenso \u00e4rgerlichen wie vermeidbaren Niederlage mussten wir am Freitag die Sporthalle West in Vechta verlassen. Ohne Frage, SFN hat in diesem Jahr eine starke Truppe am Start, die sicher ganz oben mitspielen wird. Das Ziel von Vechtas [&hellip;]<\/p>\n","protected":false},"author":3,"featured_media":0,"comment_status":"closed","ping_status":"closed","sticky":false,"template":"","format":"standard","meta":{"footnotes":""},"categories":[1],"tags":[],"_links":{"self":[{"href":"https:\/\/sw-osterfeine.de\/index.php?rest_route=\/wp\/v2\/posts\/19986"}],"collection":[{"href":"https:\/\/sw-osterfeine.de\/index.php?rest_route=\/wp\/v2\/posts"}],"about":[{"href":"https:\/\/sw-osterfeine.de\/index.php?rest_route=\/wp\/v2\/types\/post"}],"author":[{"embeddable":true,"href":"https:\/\/sw-osterfeine.de\/index.php?rest_route=\/wp\/v2\/users\/3"}],"replies":[{"embeddable":true,"href":"https:\/\/sw-osterfeine.de\/index.php?rest_route=%2Fwp%2Fv2%2Fcomments&post=19986"}],"version-history":[{"count":1,"href":"https:\/\/sw-osterfeine.de\/index.php?rest_route=\/wp\/v2\/posts\/19986\/revisions"}],"predecessor-version":[{"id":19987,"href":"https:\/\/sw-osterfeine.de\/index.php?rest_route=\/wp\/v2\/posts\/19986\/revisions\/19987"}],"wp:attachment":[{"href":"https:\/\/sw-osterfeine.de\/index.php?rest_route=%2Fwp%2Fv2%2Fmedia&parent=19986"}],"wp:term":[{"taxonomy":"category","embeddable":true,"href":"https:\/\/sw-osterfeine.de\/index.php?rest_route=%2Fwp%2Fv2%2Fcategories&post=19986"},{"taxonomy":"post_tag","embeddable":true,"href":"https:\/\/sw-osterfeine.de\/index.php?rest_route=%2Fwp%2Fv2%2Ftags&post=19986"}],"curies":[{"name":"wp","href":"https:\/\/api.w.org\/{rel}","templated":true}]}}