{"id":19993,"date":"2017-10-04T19:52:15","date_gmt":"2017-10-04T17:52:15","guid":{"rendered":"http:\/\/sw-osterfeine.de\/?p=19993"},"modified":"2017-10-04T19:52:15","modified_gmt":"2017-10-04T17:52:15","slug":"handball-2-damen-2","status":"publish","type":"post","link":"https:\/\/sw-osterfeine.de\/?p=19993","title":{"rendered":"Handball 2. Damen"},"content":{"rendered":"<div class=\"moz-text-html\" lang=\"x-unicode\">\n<div>\n<div>Guten Tag , liebe Leser ( innen ) !<\/div>\n<div>\u00a0<\/div>\n<div>Damen Handball\u00a0 Regionsoberliga SV Cappeln I\u00a0 &#8211; SW Osterfeine II\u00a0\u00a0\u00a0\u00a0 23-17\u00a0 ( 9-7 )<\/div>\n<div>\u00a0<\/div>\n<div>Dritter Saisonsieg in Folge beschert dem SV Cappeln\u00a0\u00a0 ( Coach Ammerich : &#8220; wir trainieren dreimal in der Woche &#8220; ) die Tabellenf\u00fchrung in der Regionsoberliga und den besten Saisonstart in unserer Vereinsgeschichte . SW Osterfeine II bleibt im Tabellenkeller trotz einer besseren Vorstellung und ist nicht zufrieden . \u00a0 SWO &#8211; Nachwuchstorh\u00fcterin Carolin Meyer war im Doppeleinsatz am Wochenende ( 1. und 2. Mannschaft ) und zeigt klasse Leistungen . Auch der Einsatz im Abwehrverhalten war ordentlich , nur vor dem gegenerischen Torkreis lassen &#8220; wir es zu wenig krachen &#8220; . Coach Knochenwefel : &#8220; Wir brauchen eine innere Revolution. Anderen Personen kann man nicht die Schuld f\u00fcr eigene Probleme geben , denn unsere Ehrfahrung, die gesamte sportliche Situation ist ein Produkt unseres eigenen Geistes, ein Resultat unserer Gedanken und Handlungen . Daran arbeiten wir und es\u00a0 braucht\u00a0\u00a0 Zeit . &#8222;<\/div>\n<div>\u00a0<\/div>\n<div>Zum Spiel :\u00a0 Cappelns offensive Abwehrreihe gelang es potenzielle Durchbruchsr\u00e4ume klein zu halten und provozierte mehrere Ballverluste bei den Osterfeinerinnen . In sehr guter Form zeigte auch\u00a0 die Torh\u00fcterin vom SV Cappeln I , sie wehrte 19 W\u00fcrfe ab !\u00a0 Es gab noch Hoffnung nach dem 9-7 &#8211; Pausenr\u00fcckstand bei den Schwarz-Wei\u00dfen , doch nach dem Wiederanpfiff fielen wir duch Unterzahlspiel\u00a0 und vergebene Torchancen auf 16 &#8211; 9\u00a0\u00a0 ( 44. Min ) zur\u00fcck . Bis zum Spielende aber k\u00e4mpften wir\u00a0 tapfer weiter um als fairer Verlierer nach Hause zu fahren . Tore f\u00fcr\u00a0 Osterfeine :\u00a0 Rebecca ( 2 ) , Linda Koplin (1 ) , Kerstin Lehmkuhl ( 1) , Ulrike Wielenberg ( 5 ) , Anne Adelmeyer (3 ) , Vanessa (1 ) und Tessy ( 4 ) .\u00a0 Jetzt beginnen die Herbstferien , es stehen aus verschiedenen Gr\u00fcnden nicht alle Spielerinnen im Trainingsbetrieb zur Verf\u00fcgung , doch wir werden flei\u00dfig\u00a0 weitertrainieren , das Oktoberfest ( 13.10.17 ) bei unserem Trainer feiern und am 14 Oktober 2017\u00a0 ( 17.30 Uhr ) haben wir das Gastspiel beim Tabellenzweiten BV Garrel II .<\/div>\n<div>\u00a0<\/div>\n<div>\u00a0\u00a0\u00a0\u00a0\u00a0\u00a0\u00a0\u00a0\u00a0\u00a0\u00a0\u00a0\u00a0\u00a0\u00a0\u00a0\u00a0\u00a0\u00a0\u00a0\u00a0\u00a0\u00a0\u00a0\u00a0\u00a0\u00a0\u00a0\u00a0\u00a0\u00a0\u00a0\u00a0\u00a0\u00a0\u00a0\u00a0\u00a0\u00a0\u00a0\u00a0\u00a0\u00a0\u00a0\u00a0\u00a0\u00a0\u00a0\u00a0\u00a0\u00a0\u00a0\u00a0\u00a0\u00a0\u00a0\u00a0\u00a0\u00a0\u00a0\u00a0 mit sportlichem Gru\u00df\u00a0 die Handballdamen<\/div>\n<div>\u00a0<\/div>\n<div>\u00a0<\/div>\n<div>\u00a0<\/div>\n<div>\u00a0<\/div>\n<div>\u00a0<\/div>\n<\/div>\n<\/div>\n","protected":false},"excerpt":{"rendered":"<p>Guten Tag , liebe Leser ( innen ) ! \u00a0 Damen Handball\u00a0 Regionsoberliga SV Cappeln I\u00a0 &#8211; SW Osterfeine II\u00a0\u00a0\u00a0\u00a0 23-17\u00a0 ( 9-7 ) \u00a0 Dritter Saisonsieg in Folge beschert dem SV Cappeln\u00a0\u00a0 ( Coach Ammerich : &#8220; wir trainieren dreimal in der Woche &#8220; ) die Tabellenf\u00fchrung in der Regionsoberliga und den besten Saisonstart [&hellip;]<\/p>\n","protected":false},"author":3,"featured_media":0,"comment_status":"closed","ping_status":"closed","sticky":false,"template":"","format":"standard","meta":{"footnotes":""},"categories":[1],"tags":[],"_links":{"self":[{"href":"https:\/\/sw-osterfeine.de\/index.php?rest_route=\/wp\/v2\/posts\/19993"}],"collection":[{"href":"https:\/\/sw-osterfeine.de\/index.php?rest_route=\/wp\/v2\/posts"}],"about":[{"href":"https:\/\/sw-osterfeine.de\/index.php?rest_route=\/wp\/v2\/types\/post"}],"author":[{"embeddable":true,"href":"https:\/\/sw-osterfeine.de\/index.php?rest_route=\/wp\/v2\/users\/3"}],"replies":[{"embeddable":true,"href":"https:\/\/sw-osterfeine.de\/index.php?rest_route=%2Fwp%2Fv2%2Fcomments&post=19993"}],"version-history":[{"count":2,"href":"https:\/\/sw-osterfeine.de\/index.php?rest_route=\/wp\/v2\/posts\/19993\/revisions"}],"predecessor-version":[{"id":19995,"href":"https:\/\/sw-osterfeine.de\/index.php?rest_route=\/wp\/v2\/posts\/19993\/revisions\/19995"}],"wp:attachment":[{"href":"https:\/\/sw-osterfeine.de\/index.php?rest_route=%2Fwp%2Fv2%2Fmedia&parent=19993"}],"wp:term":[{"taxonomy":"category","embeddable":true,"href":"https:\/\/sw-osterfeine.de\/index.php?rest_route=%2Fwp%2Fv2%2Fcategories&post=19993"},{"taxonomy":"post_tag","embeddable":true,"href":"https:\/\/sw-osterfeine.de\/index.php?rest_route=%2Fwp%2Fv2%2Ftags&post=19993"}],"curies":[{"name":"wp","href":"https:\/\/api.w.org\/{rel}","templated":true}]}}