{"id":19996,"date":"2017-10-05T19:43:12","date_gmt":"2017-10-05T17:43:12","guid":{"rendered":"http:\/\/sw-osterfeine.de\/?p=19996"},"modified":"2017-10-05T19:43:12","modified_gmt":"2017-10-05T17:43:12","slug":"handball-3-damen","status":"publish","type":"post","link":"https:\/\/sw-osterfeine.de\/?p=19996","title":{"rendered":"Handball 3. Damen"},"content":{"rendered":"<div class=\"moz-text-html\" lang=\"x-unicode\">\n<div>\n<div>Hallo Fans !<\/div>\n<div>\u00a0<\/div>\n<div>Damen Handball Regionsliga SV H\u00f6ltingausen II &#8211; SW Osterfeine III\u00a0\u00a0\u00a0 29-13\u00a0 ( 14-4 )<\/div>\n<div>\u00a0<\/div>\n<div>Als Tabellenf\u00fchrer in der Regionsliga geht SV H\u00f6ltinghausen II in die Herbstferein. Unsere &#8220; blutjunge 3. Mannschaft mit Antreiberin Cathi Kolbeck &#8220; war im Nachbarkreis chancenlos und es gab was auf die M\u00fctze\u00a0 . Nach 60 Minuten verk\u00fcndete der &#8220; liebevolle Schiedsrichter S\u00f6ren B\u00f6sking ( Diepholz )\u00a0 &#8220; das 29-13 &#8211; Endresultat f\u00fcr H\u00f6ltinghausen II .\u00a0 Von den Schwarz-Wei\u00dfen war zu h\u00f6ren :\u00a0 Torwart Carolin Meyer wurde\u00a0\u00a0 vorr\u00fcbergehend abkommandiert zur &#8220; Ersten und Zweiten Garde &#8220; , die kleinen Ziele wurden erf\u00fcllt : keine drei\u00dfig Gegentore schlucken und in der 2. Halbzeit mehr Treffer werfen .\u00a0 Unsere verletzte Torh\u00fcterin Carina Middendorf coachte die jungen Osterfeiner Damen .\u00a0 SW Osterfeine III spielte mit Cathi Kolbeck ( 4) , Clara Gravemeyer ( 2 ) , Franzi\u00a0\u00a0 Wehri , Luisa Olberding , Annalena Meyerrose ( 5 Tore , explodierte auf der Au\u00dfenposition ) , Luisa Kampsen ( Comeback , 2 Tore ), Marita Meyer , Josi gr. Kl\u00f6nne\u00a0 und Annalena L\u00fcbbehusen .\u00a0 Nun freuen wir uns auf das Lokalderby am 14.10.2017\u00a0 ( 19 Uhr ) bei RW Damme , das zuletzt sensationell beim SV Holdorf III &#8220; ins Gras bei\u00dfen &#8220; mu\u00dfte . Der HSV gewann 18-17 ! <\/div>\n<div>\u00a0<\/div>\n<div>\u00a0\u00a0\u00a0\u00a0\u00a0\u00a0\u00a0\u00a0\u00a0\u00a0\u00a0\u00a0\u00a0\u00a0\u00a0\u00a0\u00a0\u00a0\u00a0\u00a0\u00a0\u00a0\u00a0\u00a0\u00a0\u00a0\u00a0\u00a0\u00a0\u00a0\u00a0\u00a0\u00a0\u00a0\u00a0\u00a0\u00a0\u00a0\u00a0\u00a0\u00a0\u00a0\u00a0\u00a0\u00a0\u00a0\u00a0\u00a0\u00a0\u00a0\u00a0\u00a0\u00a0\u00a0\u00a0\u00a0\u00a0\u00a0\u00a0\u00a0\u00a0\u00a0\u00a0\u00a0\u00a0\u00a0\u00a0\u00a0\u00a0\u00a0\u00a0\u00a0\u00a0\u00a0\u00a0\u00a0\u00a0 bye, bye\u00a0 eure Dritte !<\/div>\n<div>\u00a0<\/div>\n<\/div>\n<\/div>\n","protected":false},"excerpt":{"rendered":"<p>Hallo Fans ! \u00a0 Damen Handball Regionsliga SV H\u00f6ltingausen II &#8211; SW Osterfeine III\u00a0\u00a0\u00a0 29-13\u00a0 ( 14-4 ) \u00a0 Als Tabellenf\u00fchrer in der Regionsliga geht SV H\u00f6ltinghausen II in die Herbstferein. Unsere &#8220; blutjunge 3. Mannschaft mit Antreiberin Cathi Kolbeck &#8220; war im Nachbarkreis chancenlos und es gab was auf die M\u00fctze\u00a0 . Nach 60 [&hellip;]<\/p>\n","protected":false},"author":3,"featured_media":0,"comment_status":"closed","ping_status":"closed","sticky":false,"template":"","format":"standard","meta":{"footnotes":""},"categories":[1],"tags":[],"_links":{"self":[{"href":"https:\/\/sw-osterfeine.de\/index.php?rest_route=\/wp\/v2\/posts\/19996"}],"collection":[{"href":"https:\/\/sw-osterfeine.de\/index.php?rest_route=\/wp\/v2\/posts"}],"about":[{"href":"https:\/\/sw-osterfeine.de\/index.php?rest_route=\/wp\/v2\/types\/post"}],"author":[{"embeddable":true,"href":"https:\/\/sw-osterfeine.de\/index.php?rest_route=\/wp\/v2\/users\/3"}],"replies":[{"embeddable":true,"href":"https:\/\/sw-osterfeine.de\/index.php?rest_route=%2Fwp%2Fv2%2Fcomments&post=19996"}],"version-history":[{"count":1,"href":"https:\/\/sw-osterfeine.de\/index.php?rest_route=\/wp\/v2\/posts\/19996\/revisions"}],"predecessor-version":[{"id":19997,"href":"https:\/\/sw-osterfeine.de\/index.php?rest_route=\/wp\/v2\/posts\/19996\/revisions\/19997"}],"wp:attachment":[{"href":"https:\/\/sw-osterfeine.de\/index.php?rest_route=%2Fwp%2Fv2%2Fmedia&parent=19996"}],"wp:term":[{"taxonomy":"category","embeddable":true,"href":"https:\/\/sw-osterfeine.de\/index.php?rest_route=%2Fwp%2Fv2%2Fcategories&post=19996"},{"taxonomy":"post_tag","embeddable":true,"href":"https:\/\/sw-osterfeine.de\/index.php?rest_route=%2Fwp%2Fv2%2Ftags&post=19996"}],"curies":[{"name":"wp","href":"https:\/\/api.w.org\/{rel}","templated":true}]}}