{"id":20181,"date":"2017-10-13T14:15:41","date_gmt":"2017-10-13T12:15:41","guid":{"rendered":"http:\/\/sw-osterfeine.de\/?p=20181"},"modified":"2017-10-13T14:17:38","modified_gmt":"2017-10-13T12:17:38","slug":"20181","status":"publish","type":"post","link":"https:\/\/sw-osterfeine.de\/?p=20181","title":{"rendered":"Dritte und Vierte vor Derby!"},"content":{"rendered":"<p>Ohne Niederlage blieben unsere Dritte und Vierte in den vergangenen 2 Wochen. Hierbei profitierte unsere Vierte sicherlich vom Spielausfall beim SV Carum. Am vergangenen Wochenende spielte unsere Vierte dann in Osterfeine gegen BW Langf\u00f6rden III und trennte sich 1:1 Unentschieden. Sieht man den Spielverlauf, war sogar ein Sieg f\u00fcr unsere Mannschaft m\u00f6glich, hatte sie doch noch in der Schlussminute Pech bei einem Pfostenschuss von Matthias Pohlschneider.<\/p>\n<p>2 etwas deutliche Siege fuhr unsere Dritte in den beiden vergangenen Spielen ein. Mit 5:2 gewann sie in einer Wasser- und Morastschlacht bei BW Langf\u00f6rden III. In diesen 90 Minuten wurden unsere wei\u00dfen Trikots in komplett braun\/gr\u00fcn\/schwarz umgewandelt, nur wei\u00df war nicht mehr zu erkennen. Den Dreck konnte auch der unendliche Dauerregen nicht aus den Trikots sp\u00fclen, dieses Kunstst\u00fcck blieb der Spielermutter Maria Pohlschneider vorbehalten. Vielen Dank daf\u00fcr. In diesem Spiel profitierte unser Mannschaft von der Unterst\u00fctzung durch Lukas Lohmann, Andre Beiderhake, Jan Riesenbeck und Lukas Selke. So war der Sieg dann am Ende auch nicht in Gefahr.<\/p>\n<p>Nicht so gut war die 1. Halbzeit nun am Wochenende gegen Rechterfeld III. Zu wenig Bewegung f\u00fchrte zu einer gl\u00fccklichen 1:0 Halbzeitf\u00fchrung. Dann fiel in der 60. Minute der Ausgleich durch die G\u00e4ste und Punktverluste drohten. Gl\u00fccklicherweise konnte unser Team noch einen Gang zulegen und die Kr\u00e4fte der G\u00e4ste lie\u00dfen etwas nach, sodass am Ende doch noch ein 7:1 Sieg errungen werden konnte. Dennoch wird diese Leistung nicht ausreichen zuk\u00fcnftig den guten Tabellenstand zu erhalten.<\/p>\n<p>Parallel zum Spiel der Ersten gegen den SV Th\u00fcle treffen am Samstag unsere Dritte und Vierte in Osterfeine aufeinander. Ansto\u00df ist um 17.30 Uhr auf Platz II.<\/p>\n<p>Viel Spa\u00df beim Fu\u00dfball am Samstag in Osterfeine und am Sonntag beim Oktoberfest in Osterfeine.<\/p>\n","protected":false},"excerpt":{"rendered":"<p>Ohne Niederlage blieben unsere Dritte und Vierte in den vergangenen 2 Wochen. Hierbei profitierte unsere Vierte sicherlich vom Spielausfall beim SV Carum. Am vergangenen Wochenende spielte unsere Vierte dann in Osterfeine gegen BW Langf\u00f6rden III und trennte sich 1:1 Unentschieden. Sieht man den Spielverlauf, war sogar ein Sieg f\u00fcr unsere Mannschaft m\u00f6glich, hatte sie doch [&hellip;]<\/p>\n","protected":false},"author":3,"featured_media":0,"comment_status":"closed","ping_status":"closed","sticky":false,"template":"","format":"standard","meta":{"footnotes":""},"categories":[3],"tags":[],"_links":{"self":[{"href":"https:\/\/sw-osterfeine.de\/index.php?rest_route=\/wp\/v2\/posts\/20181"}],"collection":[{"href":"https:\/\/sw-osterfeine.de\/index.php?rest_route=\/wp\/v2\/posts"}],"about":[{"href":"https:\/\/sw-osterfeine.de\/index.php?rest_route=\/wp\/v2\/types\/post"}],"author":[{"embeddable":true,"href":"https:\/\/sw-osterfeine.de\/index.php?rest_route=\/wp\/v2\/users\/3"}],"replies":[{"embeddable":true,"href":"https:\/\/sw-osterfeine.de\/index.php?rest_route=%2Fwp%2Fv2%2Fcomments&post=20181"}],"version-history":[{"count":3,"href":"https:\/\/sw-osterfeine.de\/index.php?rest_route=\/wp\/v2\/posts\/20181\/revisions"}],"predecessor-version":[{"id":20184,"href":"https:\/\/sw-osterfeine.de\/index.php?rest_route=\/wp\/v2\/posts\/20181\/revisions\/20184"}],"wp:attachment":[{"href":"https:\/\/sw-osterfeine.de\/index.php?rest_route=%2Fwp%2Fv2%2Fmedia&parent=20181"}],"wp:term":[{"taxonomy":"category","embeddable":true,"href":"https:\/\/sw-osterfeine.de\/index.php?rest_route=%2Fwp%2Fv2%2Fcategories&post=20181"},{"taxonomy":"post_tag","embeddable":true,"href":"https:\/\/sw-osterfeine.de\/index.php?rest_route=%2Fwp%2Fv2%2Ftags&post=20181"}],"curies":[{"name":"wp","href":"https:\/\/api.w.org\/{rel}","templated":true}]}}