{"id":20187,"date":"2017-10-13T14:44:34","date_gmt":"2017-10-13T12:44:34","guid":{"rendered":"http:\/\/sw-osterfeine.de\/?p=20187"},"modified":"2017-10-13T14:46:00","modified_gmt":"2017-10-13T12:46:00","slug":"boge-ferienbetreuung-geht-zuende","status":"publish","type":"post","link":"https:\/\/sw-osterfeine.de\/?p=20187","title":{"rendered":"Boge-Ferienbetreuung geht zuende"},"content":{"rendered":"<p>Nach 5 bewegungsreichen Tagen endet heute die 7. Ferienbetreuung beim SWO. Im Laufe der Tage konnte man feststellen, dass die Puste bei den Kindern langsam weniger wurde. Wo in den ersten Tagen noch gespurtet wurde, wird jetzt nur noch locker gelaufen.\u00a0<\/p>\n<p>Den Abschluss der Woche machte David Ebel, indem er mit den Teilnehmern geturnt hat und ihnen Kunstst\u00fccke aus dem Zirkus beigebracht hat.<\/p>\n\n\t\t<style type=\"text\/css\">\n\t\t\t#gallery-1 {\n\t\t\t\tmargin: auto;\n\t\t\t}\n\t\t\t#gallery-1 .gallery-item {\n\t\t\t\tfloat: left;\n\t\t\t\tmargin-top: 10px;\n\t\t\t\ttext-align: center;\n\t\t\t\twidth: 25%;\n\t\t\t}\n\t\t\t#gallery-1 img {\n\t\t\t\tborder: 2px solid #cfcfcf;\n\t\t\t}\n\t\t\t#gallery-1 .gallery-caption {\n\t\t\t\tmargin-left: 0;\n\t\t\t}\n\t\t\t\/* see gallery_shortcode() in wp-includes\/media.php *\/\n\t\t<\/style>\n\t\t<div id='gallery-1' class='gallery galleryid-20187 gallery-columns-4 gallery-size-thumbnail'><dl class='gallery-item'>\n\t\t\t<dt class='gallery-icon landscape'>\n\t\t\t\t<a href='https:\/\/sw-osterfeine.de\/wp-content\/uploads\/2017\/10\/DSC_0383-e1507898249619.jpg' title=\"\" data-rl_title=\"\" class=\"rl-gallery-link\" data-rl_caption=\"\" data-rel=\"lightbox-gallery-1\"><img loading=\"lazy\" decoding=\"async\" width=\"150\" height=\"150\" src=\"https:\/\/sw-osterfeine.de\/wp-content\/uploads\/2017\/10\/DSC_0383-150x150.jpg\" class=\"attachment-thumbnail size-thumbnail\" alt=\"\" \/><\/a>\n\t\t\t<\/dt><\/dl><dl class='gallery-item'>\n\t\t\t<dt class='gallery-icon portrait'>\n\t\t\t\t<a href='https:\/\/sw-osterfeine.de\/wp-content\/uploads\/2017\/10\/DSC_0415-e1507898312665.jpg' title=\"\" data-rl_title=\"\" class=\"rl-gallery-link\" data-rl_caption=\"\" data-rel=\"lightbox-gallery-1\"><img loading=\"lazy\" decoding=\"async\" width=\"150\" height=\"150\" src=\"https:\/\/sw-osterfeine.de\/wp-content\/uploads\/2017\/10\/DSC_0415-e1507898302609-150x150.jpg\" class=\"attachment-thumbnail size-thumbnail\" alt=\"\" \/><\/a>\n\t\t\t<\/dt><\/dl><dl class='gallery-item'>\n\t\t\t<dt class='gallery-icon landscape'>\n\t\t\t\t<a href='https:\/\/sw-osterfeine.de\/wp-content\/uploads\/2017\/10\/DSC_0293-e1507898324711.jpg' title=\"\" data-rl_title=\"\" class=\"rl-gallery-link\" data-rl_caption=\"\" data-rel=\"lightbox-gallery-1\"><img loading=\"lazy\" decoding=\"async\" width=\"150\" height=\"150\" src=\"https:\/\/sw-osterfeine.de\/wp-content\/uploads\/2017\/10\/DSC_0293-150x150.jpg\" class=\"attachment-thumbnail size-thumbnail\" alt=\"\" \/><\/a>\n\t\t\t<\/dt><\/dl><dl class='gallery-item'>\n\t\t\t<dt class='gallery-icon landscape'>\n\t\t\t\t<a href='https:\/\/sw-osterfeine.de\/wp-content\/uploads\/2017\/10\/DSC_0215-e1507898336354.jpg' title=\"\" data-rl_title=\"\" class=\"rl-gallery-link\" data-rl_caption=\"\" data-rel=\"lightbox-gallery-1\"><img loading=\"lazy\" decoding=\"async\" width=\"150\" height=\"150\" src=\"https:\/\/sw-osterfeine.de\/wp-content\/uploads\/2017\/10\/DSC_0215-150x150.jpg\" class=\"attachment-thumbnail size-thumbnail\" alt=\"\" \/><\/a>\n\t\t\t<\/dt><\/dl><br style=\"clear: both\" \/>\n\t\t<\/div>\n\n<p>Ein gro\u00dfer Dank geht an alle, die f\u00fcr das Gelingen der Betreuung mitgewirkt haben. Auch ein Dankesch\u00f6n an die Eltern, die eine Spende f\u00fcr unsere Jugendarbeit da gelassen haben.<\/p>\n<p>Wir freuen uns auf die n\u00e4chsten Ferien!<\/p>\n","protected":false},"excerpt":{"rendered":"<p>Nach 5 bewegungsreichen Tagen endet heute die 7. Ferienbetreuung beim SWO. Im Laufe der Tage konnte man feststellen, dass die Puste bei den Kindern langsam weniger wurde. Wo in den ersten Tagen noch gespurtet wurde, wird jetzt nur noch locker gelaufen.\u00a0 Den Abschluss der Woche machte David Ebel, indem er mit den Teilnehmern geturnt hat [&hellip;]<\/p>\n","protected":false},"author":3,"featured_media":0,"comment_status":"closed","ping_status":"closed","sticky":false,"template":"","format":"standard","meta":{"footnotes":""},"categories":[37],"tags":[],"_links":{"self":[{"href":"https:\/\/sw-osterfeine.de\/index.php?rest_route=\/wp\/v2\/posts\/20187"}],"collection":[{"href":"https:\/\/sw-osterfeine.de\/index.php?rest_route=\/wp\/v2\/posts"}],"about":[{"href":"https:\/\/sw-osterfeine.de\/index.php?rest_route=\/wp\/v2\/types\/post"}],"author":[{"embeddable":true,"href":"https:\/\/sw-osterfeine.de\/index.php?rest_route=\/wp\/v2\/users\/3"}],"replies":[{"embeddable":true,"href":"https:\/\/sw-osterfeine.de\/index.php?rest_route=%2Fwp%2Fv2%2Fcomments&post=20187"}],"version-history":[{"count":3,"href":"https:\/\/sw-osterfeine.de\/index.php?rest_route=\/wp\/v2\/posts\/20187\/revisions"}],"predecessor-version":[{"id":20194,"href":"https:\/\/sw-osterfeine.de\/index.php?rest_route=\/wp\/v2\/posts\/20187\/revisions\/20194"}],"wp:attachment":[{"href":"https:\/\/sw-osterfeine.de\/index.php?rest_route=%2Fwp%2Fv2%2Fmedia&parent=20187"}],"wp:term":[{"taxonomy":"category","embeddable":true,"href":"https:\/\/sw-osterfeine.de\/index.php?rest_route=%2Fwp%2Fv2%2Fcategories&post=20187"},{"taxonomy":"post_tag","embeddable":true,"href":"https:\/\/sw-osterfeine.de\/index.php?rest_route=%2Fwp%2Fv2%2Ftags&post=20187"}],"curies":[{"name":"wp","href":"https:\/\/api.w.org\/{rel}","templated":true}]}}