{"id":20242,"date":"2017-10-26T15:24:07","date_gmt":"2017-10-26T13:24:07","guid":{"rendered":"http:\/\/sw-osterfeine.de\/?p=20242"},"modified":"2017-10-26T15:24:07","modified_gmt":"2017-10-26T13:24:07","slug":"1-b-jugend-12","status":"publish","type":"post","link":"https:\/\/sw-osterfeine.de\/?p=20242","title":{"rendered":"1.  B-Jugend"},"content":{"rendered":"<p>Punktspiel SG Langf\u00f6rden\/B\u00fchren II 0:5 SW Osterfeine<\/p>\n<p>Unser letztes Spiel der Hinserie bestritten wir am 22.10. in Langf\u00f6rden. Hier wollten wir nicht nur zeigen, dass wir absolut zurecht Herbstmeister der 1. Kreisklasse geworden sind, sondern auch dass das Spiel gegen Dinklage vom Auftreten her als Ausnahme zu werten war.<\/p>\n<p>Bei extrem schwierigen Platzverh\u00e4ltnissen entwickelte sich ein z\u00e4hes Spiel, welches den anwesenden Zuschauern eher wenig Freude gemacht haben d\u00fcrfte. Wir waren unserem Gegner zwar deutlich \u00fcberlegen, konnten dies jedoch nicht so richtig f\u00fcr uns nutzen, dass an ein gescheites Fu\u00dfballspiel auf dem rutschigen Untergrund kaum zu denken war. Nichtsdestotrotz gelang uns in der 9. Minute der F\u00fchrungstreffer durch einen direkten Freisto\u00df von Philipp Berens. Dass zuvor mit David Selke unser Innenverteidiger den Freisto\u00df an der Strafraumkante herausholen konnte sagt wohl einiges \u00fcber den Besch\u00e4ftigungsgrad unserer Defensive aus. Bis auf ein paar relativ harmlose Kontersituationen hatte uns unser Gegner aus dem Nordkreis an diesem Tag nur wenig entgegenzusetzen. Es dauerte jedoch bis zur 34. Minute ehe Moritz gr. Kl\u00f6nne den nach einem Foul an Philipp f\u00e4lligen Elfmeter zum 0:2 im Netz unterbringen konnte.<\/p>\n<p>Die zweite Halbzeit entwickelte sich zu einer Art Schaulaufen. Direkt nach Wiederanpfiff konnte Henning \u201eSpecker\u201c Bley eine Flanke von Maximilian bei der Hake per Volleyabnahme ins gegnerische Tor bef\u00f6rdern. Eine Chance folgte auf die andere, auch wenn (mal wieder) einige davon ungenutzt blieben. In der 61. Und 70. Minute konnten dann David Selke, beziehungsweise Frank \u201eSpatz\u201c Deters jeweils Abpraller nutzen und somit den 0:5 Endstand herstellen. F\u00fcr mehr hat es dann trotz stetiger Bem\u00fchungen nicht gereicht.<\/p>\n<p>Nun steht erstmal der Sportlerball an, ehe es dann gilt den Blick auf die Hallenrunde zu richten\u2026 dort gilt es dann wieder den Kreisligisten etwas Druck zu machen.<\/p>\n<p>Mit freundlichen Gr\u00fc\u00dfen<\/p>\n<p>Coach P.<\/p>\n","protected":false},"excerpt":{"rendered":"<p>Punktspiel SG Langf\u00f6rden\/B\u00fchren II 0:5 SW Osterfeine Unser letztes Spiel der Hinserie bestritten wir am 22.10. in Langf\u00f6rden. Hier wollten wir nicht nur zeigen, dass wir absolut zurecht Herbstmeister der 1. Kreisklasse geworden sind, sondern auch dass das Spiel gegen Dinklage vom Auftreten her als Ausnahme zu werten war. Bei extrem schwierigen Platzverh\u00e4ltnissen entwickelte sich [&hellip;]<\/p>\n","protected":false},"author":3,"featured_media":0,"comment_status":"closed","ping_status":"closed","sticky":false,"template":"","format":"standard","meta":{"footnotes":""},"categories":[3],"tags":[],"_links":{"self":[{"href":"https:\/\/sw-osterfeine.de\/index.php?rest_route=\/wp\/v2\/posts\/20242"}],"collection":[{"href":"https:\/\/sw-osterfeine.de\/index.php?rest_route=\/wp\/v2\/posts"}],"about":[{"href":"https:\/\/sw-osterfeine.de\/index.php?rest_route=\/wp\/v2\/types\/post"}],"author":[{"embeddable":true,"href":"https:\/\/sw-osterfeine.de\/index.php?rest_route=\/wp\/v2\/users\/3"}],"replies":[{"embeddable":true,"href":"https:\/\/sw-osterfeine.de\/index.php?rest_route=%2Fwp%2Fv2%2Fcomments&post=20242"}],"version-history":[{"count":1,"href":"https:\/\/sw-osterfeine.de\/index.php?rest_route=\/wp\/v2\/posts\/20242\/revisions"}],"predecessor-version":[{"id":20243,"href":"https:\/\/sw-osterfeine.de\/index.php?rest_route=\/wp\/v2\/posts\/20242\/revisions\/20243"}],"wp:attachment":[{"href":"https:\/\/sw-osterfeine.de\/index.php?rest_route=%2Fwp%2Fv2%2Fmedia&parent=20242"}],"wp:term":[{"taxonomy":"category","embeddable":true,"href":"https:\/\/sw-osterfeine.de\/index.php?rest_route=%2Fwp%2Fv2%2Fcategories&post=20242"},{"taxonomy":"post_tag","embeddable":true,"href":"https:\/\/sw-osterfeine.de\/index.php?rest_route=%2Fwp%2Fv2%2Ftags&post=20242"}],"curies":[{"name":"wp","href":"https:\/\/api.w.org\/{rel}","templated":true}]}}