{"id":20258,"date":"2017-10-30T10:42:47","date_gmt":"2017-10-30T09:42:47","guid":{"rendered":"http:\/\/sw-osterfeine.de\/?p=20258"},"modified":"2017-10-30T10:42:47","modified_gmt":"2017-10-30T09:42:47","slug":"abschlussbericht-1-b-jugend-herbstrunde-2017","status":"publish","type":"post","link":"https:\/\/sw-osterfeine.de\/?p=20258","title":{"rendered":"Abschlussbericht 1. B-Jugend Herbstrunde 2017"},"content":{"rendered":"<p>Geschafft \u2013 die Hinserie ist beendet. Mit 21 Punkten aus 7 Spielen geht die 1. B-Jugend ohne Punktverlust als Herbstmeister der 1. Kreisklasse auf den Sportlerball.<\/p>\n<p>28 erzielten Toren stehen nur 6 Gegentreffer gegen\u00fcber. Den Satz \u201eOffense wins Games \u2013 Defense wins Championships\u201c konnten wir eindrucksvoll beweisen. Dass sich aus einer geordneten Abwehr heraus auch ein effektives Offensivspiel gestalten l\u00e4sst wird auch dadurch deutlich, dass mit Philipp Berens und Moritz gr. Kl\u00f6nne gleich zwei Spieler unter den Top-5 der Torj\u00e4gerliste zu finden sind (jeweils 7 Tore). Das Bild h\u00e4tte vermutlich noch anders ausgesehen, wenn wir vor dem Tor etwas effizienter agiert h\u00e4tten.<\/p>\n<p>Im Pokal gelang es uns zun\u00e4chst die h\u00f6herklassigen Brockdorfer in ihre Schranken zu verweisen, ehe wir uns den ebenfalls in der Kreisliga antretenden Jungs von Oythe II nach einer tollen k\u00e4mpferischen Leistung erst im Elfmeterschie\u00dfen geschlagen geben mussten. Die relativ hohe Trainingsbeteiligung wird ihren Teil dazu beigetragen haben, dass wir den meisten Gegnern gerade gegen Ende der Partien konditionell \u00fcberlegen waren.<\/p>\n<p>Trotz des recht positiven Verlauf der ersten Saisonh\u00e4lfte liegt allerdings noch ein weiter Weg vor uns. Die Chancenverwertung stellt dabei unser Hauptmanko dar. Sowohl der letzte Pass, als auch der Abschluss sind h\u00e4ufig noch zu unpr\u00e4zise. Auch unsere Einstellung gegen\u00fcber vermeintlich schw\u00e4cheren Gegnern f\u00fchrte immer wieder zu Problemen, die sich insbesondere in mangelnder Laufbereitschaft und \u00fcberm\u00e4\u00dfiger Eigensinnigkeit \u00e4u\u00dferten. Dass wir Fu\u00dfball spielen k\u00f6nnen wissen wir, wir m\u00fcssen es aber h\u00e4ufiger zeigen.<\/p>\n<p>Damit k\u00f6nnen wir in der Hallenrunde (Futsal) beginnen, ehe wir 2018 in die Wintervorbereitung starten. Da werden wir uns dann auch mit den \u201edicken Brocken\u201c des Landkreises messen.<\/p>\n<p>Mit freundlichen Gr\u00fc\u00dfen<\/p>\n<p>Coach P.<\/p>\n","protected":false},"excerpt":{"rendered":"<p>Geschafft \u2013 die Hinserie ist beendet. Mit 21 Punkten aus 7 Spielen geht die 1. B-Jugend ohne Punktverlust als Herbstmeister der 1. Kreisklasse auf den Sportlerball. 28 erzielten Toren stehen nur 6 Gegentreffer gegen\u00fcber. Den Satz \u201eOffense wins Games \u2013 Defense wins Championships\u201c konnten wir eindrucksvoll beweisen. Dass sich aus einer geordneten Abwehr heraus auch [&hellip;]<\/p>\n","protected":false},"author":3,"featured_media":0,"comment_status":"closed","ping_status":"closed","sticky":false,"template":"","format":"standard","meta":{"footnotes":""},"categories":[3],"tags":[],"_links":{"self":[{"href":"https:\/\/sw-osterfeine.de\/index.php?rest_route=\/wp\/v2\/posts\/20258"}],"collection":[{"href":"https:\/\/sw-osterfeine.de\/index.php?rest_route=\/wp\/v2\/posts"}],"about":[{"href":"https:\/\/sw-osterfeine.de\/index.php?rest_route=\/wp\/v2\/types\/post"}],"author":[{"embeddable":true,"href":"https:\/\/sw-osterfeine.de\/index.php?rest_route=\/wp\/v2\/users\/3"}],"replies":[{"embeddable":true,"href":"https:\/\/sw-osterfeine.de\/index.php?rest_route=%2Fwp%2Fv2%2Fcomments&post=20258"}],"version-history":[{"count":1,"href":"https:\/\/sw-osterfeine.de\/index.php?rest_route=\/wp\/v2\/posts\/20258\/revisions"}],"predecessor-version":[{"id":20259,"href":"https:\/\/sw-osterfeine.de\/index.php?rest_route=\/wp\/v2\/posts\/20258\/revisions\/20259"}],"wp:attachment":[{"href":"https:\/\/sw-osterfeine.de\/index.php?rest_route=%2Fwp%2Fv2%2Fmedia&parent=20258"}],"wp:term":[{"taxonomy":"category","embeddable":true,"href":"https:\/\/sw-osterfeine.de\/index.php?rest_route=%2Fwp%2Fv2%2Fcategories&post=20258"},{"taxonomy":"post_tag","embeddable":true,"href":"https:\/\/sw-osterfeine.de\/index.php?rest_route=%2Fwp%2Fv2%2Ftags&post=20258"}],"curies":[{"name":"wp","href":"https:\/\/api.w.org\/{rel}","templated":true}]}}