{"id":21036,"date":"2017-11-10T17:28:32","date_gmt":"2017-11-10T16:28:32","guid":{"rendered":"http:\/\/sw-osterfeine.de\/?p=21036"},"modified":"2017-11-10T17:28:32","modified_gmt":"2017-11-10T16:28:32","slug":"a-jugend-bacalue-gegen-osterfeine-11","status":"publish","type":"post","link":"https:\/\/sw-osterfeine.de\/?p=21036","title":{"rendered":"A-Jugend: BaCaL\u00fc gegen Osterfeine 1:1"},"content":{"rendered":"<p>F\u00fcr unser heutiges Spiel gegen BaCaL\u00fc vor dem Osterfeiner Sportlerball nahmen wir uns nat\u00fcrlich einen Sieg vor, da wir auf keinen Fall mit einer Niederlage den Sportlerball feiern wollten.<\/p>\n<p>Trotz der Tatsache, dass wir die klar \u00fcberlegene Mannschaft waren, gelang es uns nicht, in F\u00fchrung zu gehen. Direkt nach der Halbzeit (in der 46. Minute), schoss BaCaL\u00fc dann das 1:0, nachdem wir viel zu nachl\u00e4ssig verteidigten. Der Ausgleichstreffer durch Mick Schomaker gelang uns aber erst in der 76 Minute, obwohl wir weiterhin die spielbestimmende Mannschaft waren.Ein weiteresTor konnten wir trotz einiger guter Chancen nicht mehr erzielen, sodass diese Partie mit 1:1 endete.<\/p>\n<p>Zwar mussten wir nicht mit einer Niederlage zum Sportlerball gehen, dennoch w\u00e4re ein Sieg sch\u00f6ner gewesen und auch nicht unverdient.\u00a0\u00a0<\/p>\n<p>&nbsp;<\/p>\n","protected":false},"excerpt":{"rendered":"<p>F\u00fcr unser heutiges Spiel gegen BaCaL\u00fc vor dem Osterfeiner Sportlerball nahmen wir uns nat\u00fcrlich einen Sieg vor, da wir auf keinen Fall mit einer Niederlage den Sportlerball feiern wollten. Trotz der Tatsache, dass wir die klar \u00fcberlegene Mannschaft waren, gelang es uns nicht, in F\u00fchrung zu gehen. Direkt nach der Halbzeit (in der 46. Minute), [&hellip;]<\/p>\n","protected":false},"author":3,"featured_media":0,"comment_status":"closed","ping_status":"closed","sticky":false,"template":"","format":"standard","meta":{"footnotes":""},"categories":[3],"tags":[],"_links":{"self":[{"href":"https:\/\/sw-osterfeine.de\/index.php?rest_route=\/wp\/v2\/posts\/21036"}],"collection":[{"href":"https:\/\/sw-osterfeine.de\/index.php?rest_route=\/wp\/v2\/posts"}],"about":[{"href":"https:\/\/sw-osterfeine.de\/index.php?rest_route=\/wp\/v2\/types\/post"}],"author":[{"embeddable":true,"href":"https:\/\/sw-osterfeine.de\/index.php?rest_route=\/wp\/v2\/users\/3"}],"replies":[{"embeddable":true,"href":"https:\/\/sw-osterfeine.de\/index.php?rest_route=%2Fwp%2Fv2%2Fcomments&post=21036"}],"version-history":[{"count":2,"href":"https:\/\/sw-osterfeine.de\/index.php?rest_route=\/wp\/v2\/posts\/21036\/revisions"}],"predecessor-version":[{"id":21038,"href":"https:\/\/sw-osterfeine.de\/index.php?rest_route=\/wp\/v2\/posts\/21036\/revisions\/21038"}],"wp:attachment":[{"href":"https:\/\/sw-osterfeine.de\/index.php?rest_route=%2Fwp%2Fv2%2Fmedia&parent=21036"}],"wp:term":[{"taxonomy":"category","embeddable":true,"href":"https:\/\/sw-osterfeine.de\/index.php?rest_route=%2Fwp%2Fv2%2Fcategories&post=21036"},{"taxonomy":"post_tag","embeddable":true,"href":"https:\/\/sw-osterfeine.de\/index.php?rest_route=%2Fwp%2Fv2%2Ftags&post=21036"}],"curies":[{"name":"wp","href":"https:\/\/api.w.org\/{rel}","templated":true}]}}