{"id":21067,"date":"2017-11-16T16:25:18","date_gmt":"2017-11-16T15:25:18","guid":{"rendered":"http:\/\/sw-osterfeine.de\/?p=21067"},"modified":"2017-11-16T16:25:18","modified_gmt":"2017-11-16T15:25:18","slug":"fundsachen-3","status":"publish","type":"post","link":"https:\/\/sw-osterfeine.de\/?p=21067","title":{"rendered":"Fundsachen"},"content":{"rendered":"<p>Seit geraumer Zeit steht ein Fahhrad bei uns am Sportgel\u00e4nde.<\/p>\n<p><a href=\"https:\/\/sw-osterfeine.de\/wp-content\/uploads\/2017\/11\/IMG_20171116_1610291-e1510845289263.jpg\" data-rel=\"lightbox-image-0\" data-rl_title=\"\" data-rl_caption=\"\" title=\"\"><img loading=\"lazy\" decoding=\"async\" class=\"alignnone size-medium wp-image-21068\" src=\"https:\/\/sw-osterfeine.de\/wp-content\/uploads\/2017\/11\/IMG_20171116_1610291-300x225.jpg\" alt=\"IMG_20171116_161029[1]\" width=\"300\" height=\"225\" \/><\/a><\/p>\n<p>Wir bitten den Inhaber des Fahrrads es bis Ende n\u00e4chste Woche abzuholen, ansonsten wird es an carikative Organisationen weitergegeben.<\/p>\n<p>Neben dem Fahrrad sind allerding noch weitere Kleidungsst\u00fccke nach dem Training oder Spiel liegengeblieben. Schaut doch bitte beim n\u00e4chsten Besuch des Sportplatzes einmal durch die Fundsachenkiste am Eingang der Sporthalle, ob Ihnen da nicht vielleicht etwas von geh\u00f6rt. Ebenfalls am Ende der n\u00e4chsten Woche werden wir den Korb leeren und die Kleidungsst\u00fccke f\u00fcr carikative Zwecke entsorgen.<\/p>\n","protected":false},"excerpt":{"rendered":"<p>Seit geraumer Zeit steht ein Fahhrad bei uns am Sportgel\u00e4nde. Wir bitten den Inhaber des Fahrrads es bis Ende n\u00e4chste Woche abzuholen, ansonsten wird es an carikative Organisationen weitergegeben. Neben dem Fahrrad sind allerding noch weitere Kleidungsst\u00fccke nach dem Training oder Spiel liegengeblieben. Schaut doch bitte beim n\u00e4chsten Besuch des Sportplatzes einmal durch die Fundsachenkiste [&hellip;]<\/p>\n","protected":false},"author":3,"featured_media":0,"comment_status":"closed","ping_status":"closed","sticky":false,"template":"","format":"standard","meta":{"footnotes":""},"categories":[37],"tags":[],"_links":{"self":[{"href":"https:\/\/sw-osterfeine.de\/index.php?rest_route=\/wp\/v2\/posts\/21067"}],"collection":[{"href":"https:\/\/sw-osterfeine.de\/index.php?rest_route=\/wp\/v2\/posts"}],"about":[{"href":"https:\/\/sw-osterfeine.de\/index.php?rest_route=\/wp\/v2\/types\/post"}],"author":[{"embeddable":true,"href":"https:\/\/sw-osterfeine.de\/index.php?rest_route=\/wp\/v2\/users\/3"}],"replies":[{"embeddable":true,"href":"https:\/\/sw-osterfeine.de\/index.php?rest_route=%2Fwp%2Fv2%2Fcomments&post=21067"}],"version-history":[{"count":1,"href":"https:\/\/sw-osterfeine.de\/index.php?rest_route=\/wp\/v2\/posts\/21067\/revisions"}],"predecessor-version":[{"id":21069,"href":"https:\/\/sw-osterfeine.de\/index.php?rest_route=\/wp\/v2\/posts\/21067\/revisions\/21069"}],"wp:attachment":[{"href":"https:\/\/sw-osterfeine.de\/index.php?rest_route=%2Fwp%2Fv2%2Fmedia&parent=21067"}],"wp:term":[{"taxonomy":"category","embeddable":true,"href":"https:\/\/sw-osterfeine.de\/index.php?rest_route=%2Fwp%2Fv2%2Fcategories&post=21067"},{"taxonomy":"post_tag","embeddable":true,"href":"https:\/\/sw-osterfeine.de\/index.php?rest_route=%2Fwp%2Fv2%2Ftags&post=21067"}],"curies":[{"name":"wp","href":"https:\/\/api.w.org\/{rel}","templated":true}]}}