{"id":21206,"date":"2017-12-11T08:07:22","date_gmt":"2017-12-11T07:07:22","guid":{"rendered":"http:\/\/sw-osterfeine.de\/?p=21206"},"modified":"2017-12-11T08:07:22","modified_gmt":"2017-12-11T07:07:22","slug":"d-jugendteams-mit-erfolg-in-endrunden","status":"publish","type":"post","link":"https:\/\/sw-osterfeine.de\/?p=21206","title":{"rendered":"D-Jugendteams mit Erfolg in Endrunden!!"},"content":{"rendered":"<p>Mit tollen Erfolgen beendeten unsere D-Jugendteams die diesj\u00e4hrige Hallensaison. In der Doppelrunde zur Qualifikation f\u00fcr die jeweiligen Endrunden konnten sich 3 D-Jugendteams erfolgreich behaupten.<\/p>\n<p>In der Leistungsklasse I belegte unsere I-D-Jugend in der Qualifikation Platz II und startete in der Gruppe der besten 7 Jugendteams des Kreises Vechta. Allein die Qualifikation war schon ein toller Erfolg f\u00fcr die Jungs von Trainer Christian Olberding, sind doch fast alle Spieler noch im j\u00fcngeren Jahrgang. In der Endrunde belegte die Mannschaft in Osterfeine am Samstag mit 2 sch\u00f6nen Siegen gegen Rechterfeld\/Goldenstedt und RW Damme am Ende einen ausgezeichneten 5. Platz.<\/p>\n<p>Am Sonntagmorgen ging es f\u00fcr Trainer Christian Olberding dann in die n\u00e4chste Endrunde. In der Leistungsklasse II belegte die 2.Mannschaft in der Endrundengruppe I einen tollen 2. Platz. Trainer Christian Olberding war an den letzten 3 Wochenenden jeweils mit 2 Mannschaften unterwegs. Samstag und Sonntag hie\u00df es 3 Wochen hintereinander Hallenfu\u00dfball von morgens 8.00 bis ca 13.30 Uhr, aber durch Christians Einsatz konnten alle Spieler der I D-Jugend an der Hallenkreismeisterschaft teilnehmen.<\/p>\n<p>Den D-Jugenderfolg rundete am Sonntag dann die III-D-Jugend ab. In der Endrunde II der Leistungsklasse III belegte die dritte D von Trainer Jens Lapke und Robert Decker den 1.Platz. Den Trainern und den Jungs ein gro\u00dfes Kompliment f\u00fcr den Erfolg.<\/p>\n","protected":false},"excerpt":{"rendered":"<p>Mit tollen Erfolgen beendeten unsere D-Jugendteams die diesj\u00e4hrige Hallensaison. In der Doppelrunde zur Qualifikation f\u00fcr die jeweiligen Endrunden konnten sich 3 D-Jugendteams erfolgreich behaupten. In der Leistungsklasse I belegte unsere I-D-Jugend in der Qualifikation Platz II und startete in der Gruppe der besten 7 Jugendteams des Kreises Vechta. Allein die Qualifikation war schon ein toller [&hellip;]<\/p>\n","protected":false},"author":3,"featured_media":0,"comment_status":"closed","ping_status":"closed","sticky":false,"template":"","format":"standard","meta":{"footnotes":""},"categories":[3],"tags":[],"_links":{"self":[{"href":"https:\/\/sw-osterfeine.de\/index.php?rest_route=\/wp\/v2\/posts\/21206"}],"collection":[{"href":"https:\/\/sw-osterfeine.de\/index.php?rest_route=\/wp\/v2\/posts"}],"about":[{"href":"https:\/\/sw-osterfeine.de\/index.php?rest_route=\/wp\/v2\/types\/post"}],"author":[{"embeddable":true,"href":"https:\/\/sw-osterfeine.de\/index.php?rest_route=\/wp\/v2\/users\/3"}],"replies":[{"embeddable":true,"href":"https:\/\/sw-osterfeine.de\/index.php?rest_route=%2Fwp%2Fv2%2Fcomments&post=21206"}],"version-history":[{"count":1,"href":"https:\/\/sw-osterfeine.de\/index.php?rest_route=\/wp\/v2\/posts\/21206\/revisions"}],"predecessor-version":[{"id":21207,"href":"https:\/\/sw-osterfeine.de\/index.php?rest_route=\/wp\/v2\/posts\/21206\/revisions\/21207"}],"wp:attachment":[{"href":"https:\/\/sw-osterfeine.de\/index.php?rest_route=%2Fwp%2Fv2%2Fmedia&parent=21206"}],"wp:term":[{"taxonomy":"category","embeddable":true,"href":"https:\/\/sw-osterfeine.de\/index.php?rest_route=%2Fwp%2Fv2%2Fcategories&post=21206"},{"taxonomy":"post_tag","embeddable":true,"href":"https:\/\/sw-osterfeine.de\/index.php?rest_route=%2Fwp%2Fv2%2Ftags&post=21206"}],"curies":[{"name":"wp","href":"https:\/\/api.w.org\/{rel}","templated":true}]}}