{"id":21588,"date":"2018-02-15T17:18:28","date_gmt":"2018-02-15T16:18:28","guid":{"rendered":"http:\/\/sw-osterfeine.de\/?p=21588"},"modified":"2018-02-15T17:19:41","modified_gmt":"2018-02-15T16:19:41","slug":"schwarz-weiss-aktuell-vorwort","status":"publish","type":"post","link":"https:\/\/sw-osterfeine.de\/?p=21588","title":{"rendered":"Schwarz-Wei\u00df Aktuell &#8211; Vorwort"},"content":{"rendered":"<p>Liebe Leser von Schwarz-Wei\u00df Aktuell,<\/p>\n<p>&nbsp;<\/p>\n<p>der Sportverein SW Osterfeine begr\u00fc\u00dft alle G\u00e4ste des heutigen Bezirksligas\u00fcdkreisderbys recht herzlich. Erstmals geht es nach einer gef\u00fchlten Ewigkeit wieder um Bezirksligafu\u00dfball. Der nasse Herbst und der fu\u00dfballunfreundliche Winter haben den Fu\u00dfball in unseren Regionen ziemlich lahmgelegt. Umso mehr hoffen wir, dass nun am Sonntag endlich wieder der Sonntagnachmittag den Fu\u00dfballern im OSV geh\u00f6rt.<\/p>\n<p>Dabei ist es von einem besonderen Reiz, dass gleich zum Auftakt der R\u00fcckrunde unser Nachbar aus Steinfeld in Osterfeine aufl\u00e4uft. Mit erst 12 Spielen hat unser heutiger Gast die wenigsten Spiele aller Mannschaften in der Liga absolviert. Daher sollte man den Tabellenplatz der G\u00e4ste nicht als Ma\u00dfstab nehmen. Falke Steinfeld ist als Mitkandidat f\u00fcr die Tabellenspitze in die Serie gegangen. Daher sollte man den heutigen Gegner auch an dieser Einsch\u00e4tzung messen und einsch\u00e4tzen.<\/p>\n<p>Wie f\u00fcr Falke gilt auch f\u00fcr unsere Jungs ein gro\u00dfes Fragezeichen wie man die lange Spielpause verkraftet hat. Schlechte Trainingsbedingungen haben zudem sicherlich die Trainingsarbeit erschwert und nicht alles wird daher zum Auftakt klappen k\u00f6nnen. Aber gerade dann ist die Unterst\u00fctzung unserer Zuschauer f\u00fcr unsere Mannschaft von Bedeutung. Also liebe OSV-Fans feuert unsere Mannschaft an im ewig jungen S\u00fcdderby.<\/p>\n<p>&nbsp;<\/p>\n<p>&nbsp;<\/p>\n<p>Viel Spa\u00df beim Lesen<\/p>\n","protected":false},"excerpt":{"rendered":"<p>Liebe Leser von Schwarz-Wei\u00df Aktuell, &nbsp; der Sportverein SW Osterfeine begr\u00fc\u00dft alle G\u00e4ste des heutigen Bezirksligas\u00fcdkreisderbys recht herzlich. Erstmals geht es nach einer gef\u00fchlten Ewigkeit wieder um Bezirksligafu\u00dfball. Der nasse Herbst und der fu\u00dfballunfreundliche Winter haben den Fu\u00dfball in unseren Regionen ziemlich lahmgelegt. Umso mehr hoffen wir, dass nun am Sonntag endlich wieder der Sonntagnachmittag [&hellip;]<\/p>\n","protected":false},"author":3,"featured_media":0,"comment_status":"closed","ping_status":"closed","sticky":false,"template":"","format":"standard","meta":{"footnotes":""},"categories":[37],"tags":[],"_links":{"self":[{"href":"https:\/\/sw-osterfeine.de\/index.php?rest_route=\/wp\/v2\/posts\/21588"}],"collection":[{"href":"https:\/\/sw-osterfeine.de\/index.php?rest_route=\/wp\/v2\/posts"}],"about":[{"href":"https:\/\/sw-osterfeine.de\/index.php?rest_route=\/wp\/v2\/types\/post"}],"author":[{"embeddable":true,"href":"https:\/\/sw-osterfeine.de\/index.php?rest_route=\/wp\/v2\/users\/3"}],"replies":[{"embeddable":true,"href":"https:\/\/sw-osterfeine.de\/index.php?rest_route=%2Fwp%2Fv2%2Fcomments&post=21588"}],"version-history":[{"count":3,"href":"https:\/\/sw-osterfeine.de\/index.php?rest_route=\/wp\/v2\/posts\/21588\/revisions"}],"predecessor-version":[{"id":21593,"href":"https:\/\/sw-osterfeine.de\/index.php?rest_route=\/wp\/v2\/posts\/21588\/revisions\/21593"}],"wp:attachment":[{"href":"https:\/\/sw-osterfeine.de\/index.php?rest_route=%2Fwp%2Fv2%2Fmedia&parent=21588"}],"wp:term":[{"taxonomy":"category","embeddable":true,"href":"https:\/\/sw-osterfeine.de\/index.php?rest_route=%2Fwp%2Fv2%2Fcategories&post=21588"},{"taxonomy":"post_tag","embeddable":true,"href":"https:\/\/sw-osterfeine.de\/index.php?rest_route=%2Fwp%2Fv2%2Ftags&post=21588"}],"curies":[{"name":"wp","href":"https:\/\/api.w.org\/{rel}","templated":true}]}}