{"id":21591,"date":"2018-02-15T17:19:25","date_gmt":"2018-02-15T16:19:25","guid":{"rendered":"http:\/\/sw-osterfeine.de\/?p=21591"},"modified":"2018-02-15T17:19:25","modified_gmt":"2018-02-15T16:19:25","slug":"schwarz-weiss-aktuell-1-herren","status":"publish","type":"post","link":"https:\/\/sw-osterfeine.de\/?p=21591","title":{"rendered":"Schwarz-Wei\u00df Aktuell &#8211; 1. Herren"},"content":{"rendered":"<p>Herzlich Willkommen zum ersten Pflichtspiel unserer Mannschaft gegen den SV Falke Steinfeld!<\/p>\n<p>&nbsp;<\/p>\n<p>Direkt zum Jahresauftakt ein Derby! Und ein sehr wichtiges Spiel, das direkt zeigen k\u00f6nnte wohin die Reise in der R\u00fcckrunde geht. Um den Abstand an die Tabellenspitze nicht zu gro\u00df werden zu lassen, w\u00e4re ein Sieg sehr wichtig. Gespielt wird gegen einen Gegner aus Steinfeld, den man trotz, oder grade wegen der unbefriedigenden Hinrunde nicht untersch\u00e4tzen darf! Der wiedergenesene Mike Thomas stellt zusammen mit dem Neuzugang aus Vechta Halil Ablak und Paul Kosenkow ein starkes Offensivtrio, auf das besonders aufgepasst werden muss! Durch Testspielsiege gegen Landesligist BV Essen und BW Hollage machten die Steinfelder bereits in der Vorbereitung auf sich aufmerksam.<\/p>\n<p>Vorbereitet f\u00fcr den Saisonauftakt f\u00fchlen wir uns aber auch! Auch wenn sich der Trainingsbetrieb aufgrund des Wetters schwierig gestaltete, machten wir das Beste aus der Vorbereitung. Meistens war es nicht m\u00f6glich auf dem Rasen zu trainieren. So fuhren wir entweder in die Soccerhalle nach Rahden oder trainierten in unserer Sporthalle. Manchmal liefen wir durch Osterfeine oder wurden von David Wadulla beim Krafttraining rangenommen. Auch die zwischenzeitlichen Tanzstunden bei Pauline Zerhusen f\u00fcr das M\u00e4nnerballett bei der Sportschau hielten uns fit! In dieser Woche konnten wir zum Gl\u00fcck noch den Dammer Kunstrasen zum Trainieren nutzen! Auch alle unsere 3 Testspiele absolvierten wir auf Kunstrasen. Angefangen mit einer 1:5 Niederlage gegen Landesligist BW Lohne, bei der wir \u00fcber weite Strecken gut mithielten. Danach schlugen wir die zweite Mannschaft von TuS Sulingen (Bezirksliga) auf deren Kunstrasen verdient mit 3:0. Die Generalprobe nach einer kurzen Carnevalspause von 3 Tagen, letzte Woche bei Concordia Belm Powe, zweiter in der Bezirksliga Osnabr\u00fcck, endete 3:3. Insgesamt zeigten wir eine ordentliche Leistung bei der sich aber noch Probleme im Defensivverbund auftaten, die wir im Spiel gegen Steinfeld behoben haben sollten! <br \/>\n Personell haben wir momentan keine Probleme und k\u00f6nnen vermelden, dass unser Torwart Christian \u201eSchnubby\u201c Gravemeyer endlich wieder im Training ist und das Comeback bevorsteht!!<\/p>\n<p>Wir gehen alle davon aus, dass das Spiel stattfinden wird und bereiten uns dementsprechend vor. Bei uns f\u00e4llt ja bekanntlich nicht so schnell ein Spiel aus. Mit einem Sieg im ersten Heimspiel, welches auf schwer zu bespielendem Platz wahrscheinlich sehr k\u00f6rperbetont und vom Kampf gepr\u00e4gt sein wird, wollen wir den ersten Schritt in die richtige Richtung machen! Wir werden den Kampf annehmen und sind brandhei\u00df auf die ersten 3 Punkte 2018. Endlich geht\u00b4s wieder los!!!<\/p>\n<p>Wir hoffen trotz des wahrscheinlichen schlechten Wetters auf zahlreiche Unterst\u00fctzung! Dann sind wir guter Dinge, dass der Saisonstart bei 100% Einsatz unsererseits positiv verlaufen kann.<\/p>\n<p>&nbsp;<\/p>\n<p>Mit sportlichen Gr\u00fc\u00dfen<\/p>\n<p>Felix Piening<\/p>\n","protected":false},"excerpt":{"rendered":"<p>Herzlich Willkommen zum ersten Pflichtspiel unserer Mannschaft gegen den SV Falke Steinfeld! &nbsp; Direkt zum Jahresauftakt ein Derby! Und ein sehr wichtiges Spiel, das direkt zeigen k\u00f6nnte wohin die Reise in der R\u00fcckrunde geht. Um den Abstand an die Tabellenspitze nicht zu gro\u00df werden zu lassen, w\u00e4re ein Sieg sehr wichtig. Gespielt wird gegen einen [&hellip;]<\/p>\n","protected":false},"author":3,"featured_media":0,"comment_status":"closed","ping_status":"closed","sticky":false,"template":"","format":"standard","meta":{"footnotes":""},"categories":[3],"tags":[],"_links":{"self":[{"href":"https:\/\/sw-osterfeine.de\/index.php?rest_route=\/wp\/v2\/posts\/21591"}],"collection":[{"href":"https:\/\/sw-osterfeine.de\/index.php?rest_route=\/wp\/v2\/posts"}],"about":[{"href":"https:\/\/sw-osterfeine.de\/index.php?rest_route=\/wp\/v2\/types\/post"}],"author":[{"embeddable":true,"href":"https:\/\/sw-osterfeine.de\/index.php?rest_route=\/wp\/v2\/users\/3"}],"replies":[{"embeddable":true,"href":"https:\/\/sw-osterfeine.de\/index.php?rest_route=%2Fwp%2Fv2%2Fcomments&post=21591"}],"version-history":[{"count":1,"href":"https:\/\/sw-osterfeine.de\/index.php?rest_route=\/wp\/v2\/posts\/21591\/revisions"}],"predecessor-version":[{"id":21592,"href":"https:\/\/sw-osterfeine.de\/index.php?rest_route=\/wp\/v2\/posts\/21591\/revisions\/21592"}],"wp:attachment":[{"href":"https:\/\/sw-osterfeine.de\/index.php?rest_route=%2Fwp%2Fv2%2Fmedia&parent=21591"}],"wp:term":[{"taxonomy":"category","embeddable":true,"href":"https:\/\/sw-osterfeine.de\/index.php?rest_route=%2Fwp%2Fv2%2Fcategories&post=21591"},{"taxonomy":"post_tag","embeddable":true,"href":"https:\/\/sw-osterfeine.de\/index.php?rest_route=%2Fwp%2Fv2%2Ftags&post=21591"}],"curies":[{"name":"wp","href":"https:\/\/api.w.org\/{rel}","templated":true}]}}