{"id":21594,"date":"2018-02-16T11:51:39","date_gmt":"2018-02-16T10:51:39","guid":{"rendered":"http:\/\/sw-osterfeine.de\/?p=21594"},"modified":"2018-02-16T16:58:27","modified_gmt":"2018-02-16T15:58:27","slug":"volles-programm-fuer-osv-sportler","status":"publish","type":"post","link":"https:\/\/sw-osterfeine.de\/?p=21594","title":{"rendered":"Volles Programm f\u00fcr OSV-Sportler!!!!!!"},"content":{"rendered":"<p><em>In zahlreichen Eins\u00e4tzen sind unsere Sportler an diesem Wochenende involviert. Es sei auf einige herausragende Termine hingewiesen:<\/em><\/p>\n<p><strong>Am Sonntag um 15.00 Uhr startet unsere I-Herrenmannschaft in die R\u00fcckrunde der Bezirksliga in Osterfeine gegen Falke Steinfeld!!!!<\/strong><\/p>\n<p><strong>\u00a0<\/strong><\/p>\n<p><strong>Am Samstag ab 14.00 Uhr spielen unsere Superaltligisten in der Kreissporthalle in Lohne um die Kreismeisterschaft der Superaltliga.<\/strong><\/p>\n<p>&nbsp;<\/p>\n<p><strong>\u00a0Den Handball er\u00f6ffnet am Samstag unsere weibliche B-Jugend Regionsoberligea (Tabellenplatz 2!) gegen Quitt Ankum um 14:00 Uhr.<br \/>\n<\/strong><\/p>\n<p><strong>Ebenfalls am Samstag um 16.00 Uhr spielt unsere weibliche Handball A-Jugend in der Landesliga im Heimspiel gegen die JSG Eicken-Buer-Oldendorf um Punkte!!!!<\/strong><\/p>\n<p><strong>\u00a0<\/strong><\/p>\n<p><strong>Am Samstagmorgen ab 9.00 Uhr spielen unsere G-Jugendnachwuchsfu\u00dfballer in der Osterfeiner Sporthalle ein Kreisturnier mit 6 Mannschaft. F\u00fcr Spa\u00df, S\u00fc\u00dfigkeiten und Kaffee und Mettbr\u00f6tchen ist gesorgt.<\/strong><\/p>\n<p><strong>\u00a0<\/strong><\/p>\n<p><strong>Der komplette Sonntag in der Osterfeiner Sporthalle geh\u00f6rt unseren E-Jugendfu\u00dfballern. Ab 9.00 Uhr finden 2 gro\u00dfe E-Jugendeinladungsturniere statt.<\/strong><\/p>\n<p><strong>\u00a0<\/strong><\/p>\n<p><em>Alle OSV-Teams w\u00fcrden sich sicherlich \u00fcber eine zahlreiche Unterst\u00fctzung durch die Zuschauer freuen. Bei allen Veranstaltungen ist reichlich f\u00fcr das leibliche Wohl gesorgt.<\/em><\/p>\n","protected":false},"excerpt":{"rendered":"<p>In zahlreichen Eins\u00e4tzen sind unsere Sportler an diesem Wochenende involviert. Es sei auf einige herausragende Termine hingewiesen: Am Sonntag um 15.00 Uhr startet unsere I-Herrenmannschaft in die R\u00fcckrunde der Bezirksliga in Osterfeine gegen Falke Steinfeld!!!! \u00a0 Am Samstag ab 14.00 Uhr spielen unsere Superaltligisten in der Kreissporthalle in Lohne um die Kreismeisterschaft der Superaltliga. &nbsp; [&hellip;]<\/p>\n","protected":false},"author":3,"featured_media":0,"comment_status":"closed","ping_status":"closed","sticky":false,"template":"","format":"standard","meta":{"footnotes":""},"categories":[37],"tags":[],"_links":{"self":[{"href":"https:\/\/sw-osterfeine.de\/index.php?rest_route=\/wp\/v2\/posts\/21594"}],"collection":[{"href":"https:\/\/sw-osterfeine.de\/index.php?rest_route=\/wp\/v2\/posts"}],"about":[{"href":"https:\/\/sw-osterfeine.de\/index.php?rest_route=\/wp\/v2\/types\/post"}],"author":[{"embeddable":true,"href":"https:\/\/sw-osterfeine.de\/index.php?rest_route=\/wp\/v2\/users\/3"}],"replies":[{"embeddable":true,"href":"https:\/\/sw-osterfeine.de\/index.php?rest_route=%2Fwp%2Fv2%2Fcomments&post=21594"}],"version-history":[{"count":3,"href":"https:\/\/sw-osterfeine.de\/index.php?rest_route=\/wp\/v2\/posts\/21594\/revisions"}],"predecessor-version":[{"id":21606,"href":"https:\/\/sw-osterfeine.de\/index.php?rest_route=\/wp\/v2\/posts\/21594\/revisions\/21606"}],"wp:attachment":[{"href":"https:\/\/sw-osterfeine.de\/index.php?rest_route=%2Fwp%2Fv2%2Fmedia&parent=21594"}],"wp:term":[{"taxonomy":"category","embeddable":true,"href":"https:\/\/sw-osterfeine.de\/index.php?rest_route=%2Fwp%2Fv2%2Fcategories&post=21594"},{"taxonomy":"post_tag","embeddable":true,"href":"https:\/\/sw-osterfeine.de\/index.php?rest_route=%2Fwp%2Fv2%2Ftags&post=21594"}],"curies":[{"name":"wp","href":"https:\/\/api.w.org\/{rel}","templated":true}]}}