{"id":21770,"date":"2018-03-07T11:41:08","date_gmt":"2018-03-07T10:41:08","guid":{"rendered":"http:\/\/sw-osterfeine.de\/?p=21770"},"modified":"2018-03-07T11:41:08","modified_gmt":"2018-03-07T10:41:08","slug":"d-jugend-i-garrel-osterfeine-am-sonntag-den-04-03-2018","status":"publish","type":"post","link":"https:\/\/sw-osterfeine.de\/?p=21770","title":{"rendered":"D-Jugend I    Garrel-Osterfeine am Sonntag, den 04.03.2018"},"content":{"rendered":"<p><span style=\"text-decoration: underline;\"><strong>Krimi pur \u2013 \u00a0 der Grund daf\u00fcr, dass Mannschaftssport einfach nur Spa\u00df macht !!!<\/strong><\/span><\/p>\n<p>Alle, die schon mal Mannschaftssport gespielt haben, wissen, dass ein Spiel Sonntags morgens um 10:30 Uhr in Garrel, Abfahrt um 8:30 Uhr nicht unbedingt sein muss.<\/p>\n<p>Die m\u00fcden Krieger sind wahrscheinlich nicht p\u00fcnktlich ins Bett gekommen, am Sonntagmorgen kurz vor knapp aufgestanden und ohne Fr\u00fchst\u00fcck los.<\/p>\n<p>Das spiegelte sich auch sofort auf dem Spielfeld wieder.<\/p>\n<p>In der 1. Halbzeit klappte wirklich nichts. Es kam, wie es kommen musste, zur Halbzeit lag meine D-Jugend 8:17 zur\u00fcck.<\/p>\n<p>Nach dem Pausentee, keiner wei\u00df, was genau in der Kabine passiert war und welcher Handballgeist, wem etwas ins Ohr gefl\u00fcstert hatte.<\/p>\n<p>Es stand eine v\u00f6llig andere Mannschaft auf dem Spielfeld. Die mitgereisten Eltern auf der Trib\u00fcne hatten das Spiel schon als verloren abgehakt und die fr\u00fch morgendliche Fahrt am Sonntag f\u00fcr v\u00f6llig sinnlos erachtet.<\/p>\n<p>Aber da hatte man die Rechnung ohne die M\u00e4dels gemacht. Eine geschlossene Mannschaftsleistung zeigte sich in der 2. Halbzeit. Man k\u00e4mpfte sich langsam aber sicher, Tor um Tor heran. Die Abwehr stand wie eine Wand, nach dem Motto \u201eEiner f\u00fcr alle, alle f\u00fcr Einen\u201c half jeder dem Nebenmann, wenn der Gegner versuchte die L\u00fccken zu durchbrechen. Anna Osterhues lie\u00df keinen Ball zum Kreisl\u00e4ufer durch, den sie die ganze Zeit gut im Auge behielt. Nina Drellmann konnte in der Abwehr viele B\u00e4lle abfangen und zum Tempogegensto\u00df einleiten.<\/p>\n<p>\u00dcber 13:18, 18:20, 22:23 fiel der Ausgleich zum 23:23 knapp 3 Minuten vor Schluss.<\/p>\n<p>Die letzten Minuten zeigten sich die Garrelner zunehmend aggressiver und die Schiedsrichter verga\u00dfen konsequent zu bestrafen.<\/p>\n<p>Den Biss, den die M\u00e4dels in den 20 Minuten der 2. Halbzeit zeigten, wurde dann mit einem sicher verwandelten 7 m von Greta Kalus, 35 Sekunden vor Schluss mit dem Siegtreffer zum 24:23 belohnt. Kurze Spannung kam nochmal auf, als eine Garrelnerin zum Ausgleich h\u00e4tte treffen m\u00fcssen, aber an der starken Torfrau Marie Kampers scheiterte.<\/p>\n<p>Tore: Greta Kalus 12, Inga Bley 6, Nina Drellmann 3 und Anna Osterhues 2 <\/p>\n<p>Der Sieg war wohl ein nachtr\u00e4gliches Geburtstagsgeschenk f\u00fcr mich, aufgrund der Feierlichkeiten wurde ich wunderbar vertreten von meiner Co.-Trainerin Jessica Schutt.<\/p>\n<p>Danke sch\u00f6n !!!!!!\u00a0\u00a0\u00a0\u00a0\u00a0\u00a0\u00a0\u00a0\u00a0\u00a0\u00a0\u00a0\u00a0\u00a0\u00a0\u00a0\u00a0 \u00a0\u00a0\u00a0\u00a0\u00a0\u00a0\u00a0\u00a0\u00a0\u00a0\u00a0 \u00a0<\/p>\n<p>Kerstin Lampe (Trainerin dieser tollen Mannschaft)<\/p>\n<p>&nbsp;<\/p>\n","protected":false},"excerpt":{"rendered":"<p>Krimi pur \u2013 \u00a0 der Grund daf\u00fcr, dass Mannschaftssport einfach nur Spa\u00df macht !!! Alle, die schon mal Mannschaftssport gespielt haben, wissen, dass ein Spiel Sonntags morgens um 10:30 Uhr in Garrel, Abfahrt um 8:30 Uhr nicht unbedingt sein muss. Die m\u00fcden Krieger sind wahrscheinlich nicht p\u00fcnktlich ins Bett gekommen, am Sonntagmorgen kurz vor knapp [&hellip;]<\/p>\n","protected":false},"author":3,"featured_media":0,"comment_status":"closed","ping_status":"closed","sticky":false,"template":"","format":"standard","meta":{"footnotes":""},"categories":[1],"tags":[],"_links":{"self":[{"href":"https:\/\/sw-osterfeine.de\/index.php?rest_route=\/wp\/v2\/posts\/21770"}],"collection":[{"href":"https:\/\/sw-osterfeine.de\/index.php?rest_route=\/wp\/v2\/posts"}],"about":[{"href":"https:\/\/sw-osterfeine.de\/index.php?rest_route=\/wp\/v2\/types\/post"}],"author":[{"embeddable":true,"href":"https:\/\/sw-osterfeine.de\/index.php?rest_route=\/wp\/v2\/users\/3"}],"replies":[{"embeddable":true,"href":"https:\/\/sw-osterfeine.de\/index.php?rest_route=%2Fwp%2Fv2%2Fcomments&post=21770"}],"version-history":[{"count":1,"href":"https:\/\/sw-osterfeine.de\/index.php?rest_route=\/wp\/v2\/posts\/21770\/revisions"}],"predecessor-version":[{"id":21771,"href":"https:\/\/sw-osterfeine.de\/index.php?rest_route=\/wp\/v2\/posts\/21770\/revisions\/21771"}],"wp:attachment":[{"href":"https:\/\/sw-osterfeine.de\/index.php?rest_route=%2Fwp%2Fv2%2Fmedia&parent=21770"}],"wp:term":[{"taxonomy":"category","embeddable":true,"href":"https:\/\/sw-osterfeine.de\/index.php?rest_route=%2Fwp%2Fv2%2Fcategories&post=21770"},{"taxonomy":"post_tag","embeddable":true,"href":"https:\/\/sw-osterfeine.de\/index.php?rest_route=%2Fwp%2Fv2%2Ftags&post=21770"}],"curies":[{"name":"wp","href":"https:\/\/api.w.org\/{rel}","templated":true}]}}