{"id":21787,"date":"2018-03-09T11:47:46","date_gmt":"2018-03-09T10:47:46","guid":{"rendered":"http:\/\/sw-osterfeine.de\/?p=21787"},"modified":"2018-03-09T11:47:46","modified_gmt":"2018-03-09T10:47:46","slug":"neues-vom-osvneues-vom-osv","status":"publish","type":"post","link":"https:\/\/sw-osterfeine.de\/?p=21787","title":{"rendered":"Neues Vom OSV!!Neues vom OSV!!"},"content":{"rendered":"<p><strong>In der Nacht von Mittwoch auf Donnerstag haben Unbekannte an diversen Stellen versucht, Zugang zu den R\u00e4umlichkeiten unseres Sportvereines zu erlangen und damit Sachschaden angerichtet. Daher nochmal die Bitte an <span style=\"text-decoration: underline;\">alle<\/span> \u00dcbungsleiter und Trainer: Kontrolliert nach Eurem Training immer, ob Ihr auch alle T\u00fcren und Tore abgeschlossen habt!!<\/strong><\/p>\n<p><strong>\u00a0<\/strong><\/p>\n<p>Der Termin f\u00fcr die n\u00e4chste Generalversammlung mit der Wahl des kompletten Vorstands ist festgelegt. Am Freitag, den 1.3.2019 um 20.00 Uhr im Saalbetrieb Fangmann treffen sich alle OSV-Mitglieder. Bitte den Termin notieren.<\/p>\n<p>&nbsp;<\/p>\n<p>Der Sportverein SW Osterfeine gratuliert Michael Harpenau und Jan Pohlschneider und ihren Familien recht herzlich zum Nachwuchs und w\u00fcnscht Alles Gute und sportliches Talent f\u00fcr den Nachwuchs.<\/p>\n<p>Wir m\u00f6chten nochmal alle ehemaligen Trainer, Betreuer oder Verantwortliche bitten, eventuell noch im Besitz befindliche Schl\u00fcssel oder andere Vereinsutensilien bei Gelegenheit in der Gesch\u00e4ftsstelle abzugeben, k\u00f6nnen wir dadurch dem Verein doch unn\u00f6tige Kosten ersparen.<\/p>\n<p>Ein herzliches Dankesch\u00f6n an Josef Lamping.\u00a0 Am vergangenen Samstag richtete Josef wieder den durch den Sturm besch\u00e4digten Ballfangzaun auf Platz I.<\/p>\n","protected":false},"excerpt":{"rendered":"<p>In der Nacht von Mittwoch auf Donnerstag haben Unbekannte an diversen Stellen versucht, Zugang zu den R\u00e4umlichkeiten unseres Sportvereines zu erlangen und damit Sachschaden angerichtet. Daher nochmal die Bitte an alle \u00dcbungsleiter und Trainer: Kontrolliert nach Eurem Training immer, ob Ihr auch alle T\u00fcren und Tore abgeschlossen habt!! \u00a0 Der Termin f\u00fcr die n\u00e4chste Generalversammlung [&hellip;]<\/p>\n","protected":false},"author":3,"featured_media":0,"comment_status":"closed","ping_status":"closed","sticky":false,"template":"","format":"standard","meta":{"footnotes":""},"categories":[37],"tags":[],"_links":{"self":[{"href":"https:\/\/sw-osterfeine.de\/index.php?rest_route=\/wp\/v2\/posts\/21787"}],"collection":[{"href":"https:\/\/sw-osterfeine.de\/index.php?rest_route=\/wp\/v2\/posts"}],"about":[{"href":"https:\/\/sw-osterfeine.de\/index.php?rest_route=\/wp\/v2\/types\/post"}],"author":[{"embeddable":true,"href":"https:\/\/sw-osterfeine.de\/index.php?rest_route=\/wp\/v2\/users\/3"}],"replies":[{"embeddable":true,"href":"https:\/\/sw-osterfeine.de\/index.php?rest_route=%2Fwp%2Fv2%2Fcomments&post=21787"}],"version-history":[{"count":1,"href":"https:\/\/sw-osterfeine.de\/index.php?rest_route=\/wp\/v2\/posts\/21787\/revisions"}],"predecessor-version":[{"id":21788,"href":"https:\/\/sw-osterfeine.de\/index.php?rest_route=\/wp\/v2\/posts\/21787\/revisions\/21788"}],"wp:attachment":[{"href":"https:\/\/sw-osterfeine.de\/index.php?rest_route=%2Fwp%2Fv2%2Fmedia&parent=21787"}],"wp:term":[{"taxonomy":"category","embeddable":true,"href":"https:\/\/sw-osterfeine.de\/index.php?rest_route=%2Fwp%2Fv2%2Fcategories&post=21787"},{"taxonomy":"post_tag","embeddable":true,"href":"https:\/\/sw-osterfeine.de\/index.php?rest_route=%2Fwp%2Fv2%2Ftags&post=21787"}],"curies":[{"name":"wp","href":"https:\/\/api.w.org\/{rel}","templated":true}]}}