{"id":21803,"date":"2018-03-12T08:46:23","date_gmt":"2018-03-12T07:46:23","guid":{"rendered":"http:\/\/sw-osterfeine.de\/?p=21803"},"modified":"2018-03-12T08:46:23","modified_gmt":"2018-03-12T07:46:23","slug":"1-b-jugend-punktspiel-sg-neuenkirchen-voerden-ii-03-sw-osterfeine","status":"publish","type":"post","link":"https:\/\/sw-osterfeine.de\/?p=21803","title":{"rendered":"1. B-Jugend &#8211; Punktspiel SG Neuenkirchen-V\u00f6rden II 0:3 SW Osterfeine"},"content":{"rendered":"<p>&nbsp;<\/p>\n<p>Mit einem Sieg startet die 1. B-Jugend in die Fr\u00fchjahrsrunde der 1. Kreisklasse. Mit 0:3 konnten wir im ersten Ausw\u00e4rtsspiel der R\u00fcckserie die 2. Mannschaft der SG Neuenkirchen-V\u00f6rden bezwingen. Trotz der Witterungsverh\u00e4ltnisse der letzten Wochen, die noch nicht allzu viele Trainingseinheiten im Freien zulie\u00dfen zeigte sich die Mannschaft auch l\u00e4uferisch engagiert. Dies haben wir wohl in erster Linie dem w\u00f6chentlichen Fitnesstraining mit Dawid Wadulla zu verdanken, bei dem Mannschaft und Trainer gleicherma\u00dfen ins Schwitzen gekommen sind\u2026<\/p>\n<p>Wir zeigten uns von Beginn an hellwach und \u00e4u\u00dferst laufbereit, was bei einer sehr d\u00fcnn besetzten Bank (bestehend aus dem nach Krankheit noch angeschlagenen Jonas Lampe) so nicht unbedingt zu erwarten war. Gezwungen durch den Mangel an Au\u00dfenverteidigern stellten wir von der gewohnten Viererkette auf eine Dreierkette um, was uns letztendlich in vielen Situationen zu einem \u00dcbergewicht im Mittelfeld verhalf. \u00dcber die Au\u00dfenbahnen boten sich immer wieder L\u00fccken, die von Maximilian bei der Hake, Frank Deters, Jonas Osterhues und Moritz gr. Kl\u00f6nne f\u00fcr Flankenl\u00e4ufe genutzt werden konnten. Einzig der letzte Pass wollte nicht so recht ankommen. Auf der Gegenseite konnten die vereinzelten Konter erfolgreich von David Selke, Simon Griefing und Mark Fischer abgewehrt werden. Diese drei waren dann auch h\u00e4ufig die Initiatoren weiterer Angriffe indem sie mit viel \u00dcbersicht das Spiel verlagerten und somit die n\u00f6tigen R\u00e4ume schafften aus denen heraus Emil Hot und Henning Bley die B\u00e4lle verteilen konnten. Gleichzeitig lief Philipp Berens als einziger St\u00fcrmer flei\u00dfig die Gegenspieler an und legte B\u00e4lle am 16er f\u00fcr seine Mitspieler ab. Einen solchen abgelegten Ball konnte er dann in der 38. Minute selber aufs Tor bringen. Diesen Schuss konnte der Torwart zwar noch parieren, gegen den nachsetzenden Maxi war er dann aber machtlos. 0:1 zur Pause, einziger Wermutstropfen blieb die Nachl\u00e4ssigkeit in der Chancenverwertung, bzw. dem letzten Pass.<\/p>\n<p>In der zweiten Halbzeit holte uns dann die altbekannte Schlafm\u00fctzigkeit wieder etwas ein. Neuenkirchen kam besser ins Spiel und in die Zweik\u00e4mpfe. Nach etwa zehn Minuten lie\u00df diese Phase aber gl\u00fccklicherweise nach. Wir kontrollierten wieder das Spiel und erzielten folgerichtig in der 53. Minute das 0:2. David lief im richtigen Moment in Richtung 5-Meter-Raum und dr\u00fcckte den Eckball von Philipp \u00fcber die Linie. Generell pr\u00e4sentierten wir uns in der 2. Halbzeit etwas konzentrierter und konnten zumindest den letzten Pass h\u00e4ufiger an den Mann bringen, auch wenn wir nach wie vor zu wenige Tore erzielten. Nach dem gef\u00fchlt f\u00fcnfzigsten Flankenlauf konnte Moritz dann in der 65. Minute alles klar machen (die Vorlage gab Maxi). Mehr Tore w\u00e4ren zwar drin gewesen, waren uns aber leider nicht verg\u00f6nnt.<\/p>\n<p>Diese werden wir dann hoffentlich im n\u00e4chsten Spiel gegen Steinfeld\/M\u00fchlen II erzielen. Diese gewannen ihr erstes Spiel gegen Vechta mit 9:2, aber wenn wir wie gegen Neuenkirchen gedanklich diesen einen Schritt schneller sind ist da sicher auch was drin.<\/p>\n<p>&nbsp;<\/p>\n<p>Mit freundlichen Gr\u00fc\u00dfen<\/p>\n<p>Coach P.<\/p>\n","protected":false},"excerpt":{"rendered":"<p>&nbsp; Mit einem Sieg startet die 1. B-Jugend in die Fr\u00fchjahrsrunde der 1. Kreisklasse. Mit 0:3 konnten wir im ersten Ausw\u00e4rtsspiel der R\u00fcckserie die 2. Mannschaft der SG Neuenkirchen-V\u00f6rden bezwingen. Trotz der Witterungsverh\u00e4ltnisse der letzten Wochen, die noch nicht allzu viele Trainingseinheiten im Freien zulie\u00dfen zeigte sich die Mannschaft auch l\u00e4uferisch engagiert. Dies haben wir [&hellip;]<\/p>\n","protected":false},"author":3,"featured_media":0,"comment_status":"closed","ping_status":"closed","sticky":false,"template":"","format":"standard","meta":{"footnotes":""},"categories":[3],"tags":[],"_links":{"self":[{"href":"https:\/\/sw-osterfeine.de\/index.php?rest_route=\/wp\/v2\/posts\/21803"}],"collection":[{"href":"https:\/\/sw-osterfeine.de\/index.php?rest_route=\/wp\/v2\/posts"}],"about":[{"href":"https:\/\/sw-osterfeine.de\/index.php?rest_route=\/wp\/v2\/types\/post"}],"author":[{"embeddable":true,"href":"https:\/\/sw-osterfeine.de\/index.php?rest_route=\/wp\/v2\/users\/3"}],"replies":[{"embeddable":true,"href":"https:\/\/sw-osterfeine.de\/index.php?rest_route=%2Fwp%2Fv2%2Fcomments&post=21803"}],"version-history":[{"count":1,"href":"https:\/\/sw-osterfeine.de\/index.php?rest_route=\/wp\/v2\/posts\/21803\/revisions"}],"predecessor-version":[{"id":21804,"href":"https:\/\/sw-osterfeine.de\/index.php?rest_route=\/wp\/v2\/posts\/21803\/revisions\/21804"}],"wp:attachment":[{"href":"https:\/\/sw-osterfeine.de\/index.php?rest_route=%2Fwp%2Fv2%2Fmedia&parent=21803"}],"wp:term":[{"taxonomy":"category","embeddable":true,"href":"https:\/\/sw-osterfeine.de\/index.php?rest_route=%2Fwp%2Fv2%2Fcategories&post=21803"},{"taxonomy":"post_tag","embeddable":true,"href":"https:\/\/sw-osterfeine.de\/index.php?rest_route=%2Fwp%2Fv2%2Ftags&post=21803"}],"curies":[{"name":"wp","href":"https:\/\/api.w.org\/{rel}","templated":true}]}}