{"id":21818,"date":"2018-03-16T12:07:39","date_gmt":"2018-03-16T11:07:39","guid":{"rendered":"http:\/\/sw-osterfeine.de\/?p=21818"},"modified":"2018-03-16T12:07:39","modified_gmt":"2018-03-16T11:07:39","slug":"fsj","status":"publish","type":"post","link":"https:\/\/sw-osterfeine.de\/?p=21818","title":{"rendered":"FSJ"},"content":{"rendered":"<p>Ab heute Abend ist Arne bis n\u00e4chste Woche Sonntag nicht in der Halle und auf dem Sportgel\u00e4nde anzutreffen. W\u00e4hrend der Zeit ist er nur \u00fcbers Handy (WhatsApp) zu erreichen.<\/p>\n<p>&nbsp;<\/p>\n","protected":false},"excerpt":{"rendered":"<p>Ab heute Abend ist Arne bis n\u00e4chste Woche Sonntag nicht in der Halle und auf dem Sportgel\u00e4nde anzutreffen. W\u00e4hrend der Zeit ist er nur \u00fcbers Handy (WhatsApp) zu erreichen. &nbsp;<\/p>\n","protected":false},"author":3,"featured_media":0,"comment_status":"closed","ping_status":"closed","sticky":false,"template":"","format":"standard","meta":{"footnotes":""},"categories":[37],"tags":[],"_links":{"self":[{"href":"https:\/\/sw-osterfeine.de\/index.php?rest_route=\/wp\/v2\/posts\/21818"}],"collection":[{"href":"https:\/\/sw-osterfeine.de\/index.php?rest_route=\/wp\/v2\/posts"}],"about":[{"href":"https:\/\/sw-osterfeine.de\/index.php?rest_route=\/wp\/v2\/types\/post"}],"author":[{"embeddable":true,"href":"https:\/\/sw-osterfeine.de\/index.php?rest_route=\/wp\/v2\/users\/3"}],"replies":[{"embeddable":true,"href":"https:\/\/sw-osterfeine.de\/index.php?rest_route=%2Fwp%2Fv2%2Fcomments&post=21818"}],"version-history":[{"count":1,"href":"https:\/\/sw-osterfeine.de\/index.php?rest_route=\/wp\/v2\/posts\/21818\/revisions"}],"predecessor-version":[{"id":21819,"href":"https:\/\/sw-osterfeine.de\/index.php?rest_route=\/wp\/v2\/posts\/21818\/revisions\/21819"}],"wp:attachment":[{"href":"https:\/\/sw-osterfeine.de\/index.php?rest_route=%2Fwp%2Fv2%2Fmedia&parent=21818"}],"wp:term":[{"taxonomy":"category","embeddable":true,"href":"https:\/\/sw-osterfeine.de\/index.php?rest_route=%2Fwp%2Fv2%2Fcategories&post=21818"},{"taxonomy":"post_tag","embeddable":true,"href":"https:\/\/sw-osterfeine.de\/index.php?rest_route=%2Fwp%2Fv2%2Ftags&post=21818"}],"curies":[{"name":"wp","href":"https:\/\/api.w.org\/{rel}","templated":true}]}}