{"id":21858,"date":"2018-03-20T19:07:08","date_gmt":"2018-03-20T18:07:08","guid":{"rendered":"http:\/\/sw-osterfeine.de\/?p=21858"},"modified":"2018-03-20T19:15:01","modified_gmt":"2018-03-20T18:15:01","slug":"stellenangebot-sw-osterfeine","status":"publish","type":"post","link":"https:\/\/sw-osterfeine.de\/?p=21858","title":{"rendered":"Stellenangebot SW Osterfeine"},"content":{"rendered":"<p>Der Sportverein sucht f\u00fcr die Erstellung seiner Stadionzeitung\u00a0 \u201eSchwarz-Wei\u00df Aktuell\u201c einen Freiwilligen, der sich zusammen mit unserem FSJLer um die Gestaltung und Organisation der Zeitungserstellung k\u00fcmmert. Gesucht wird ein OSVer, der zu jeder Ausgabe ein Vorwort schreibt, alle Trainer und Betreuer motiviert einen Bericht abzugeben und das Layout, den Druck und die Verteilung koordiniert und begleitet. Neue Impulse und Ideen k\u00f6nnen jederzeit eingebracht werden und w\u00fcrden unserem Stadionheft sicherlich guttun. Die Stadionzeitung erscheint 15mal im Jahr. Wer Interesse an einer T\u00e4tigkeit f\u00fcr unseren Verein und unsere Stadionzeitung hat, melde sich gerne beim Vorstand.<\/p>\n<p>&nbsp;<\/p>\n<p>&nbsp;<\/p>\n","protected":false},"excerpt":{"rendered":"<p>Der Sportverein sucht f\u00fcr die Erstellung seiner Stadionzeitung\u00a0 \u201eSchwarz-Wei\u00df Aktuell\u201c einen Freiwilligen, der sich zusammen mit unserem FSJLer um die Gestaltung und Organisation der Zeitungserstellung k\u00fcmmert. Gesucht wird ein OSVer, der zu jeder Ausgabe ein Vorwort schreibt, alle Trainer und Betreuer motiviert einen Bericht abzugeben und das Layout, den Druck und die Verteilung koordiniert und [&hellip;]<\/p>\n","protected":false},"author":3,"featured_media":0,"comment_status":"closed","ping_status":"closed","sticky":false,"template":"","format":"standard","meta":{"footnotes":""},"categories":[37],"tags":[],"_links":{"self":[{"href":"https:\/\/sw-osterfeine.de\/index.php?rest_route=\/wp\/v2\/posts\/21858"}],"collection":[{"href":"https:\/\/sw-osterfeine.de\/index.php?rest_route=\/wp\/v2\/posts"}],"about":[{"href":"https:\/\/sw-osterfeine.de\/index.php?rest_route=\/wp\/v2\/types\/post"}],"author":[{"embeddable":true,"href":"https:\/\/sw-osterfeine.de\/index.php?rest_route=\/wp\/v2\/users\/3"}],"replies":[{"embeddable":true,"href":"https:\/\/sw-osterfeine.de\/index.php?rest_route=%2Fwp%2Fv2%2Fcomments&post=21858"}],"version-history":[{"count":2,"href":"https:\/\/sw-osterfeine.de\/index.php?rest_route=\/wp\/v2\/posts\/21858\/revisions"}],"predecessor-version":[{"id":21860,"href":"https:\/\/sw-osterfeine.de\/index.php?rest_route=\/wp\/v2\/posts\/21858\/revisions\/21860"}],"wp:attachment":[{"href":"https:\/\/sw-osterfeine.de\/index.php?rest_route=%2Fwp%2Fv2%2Fmedia&parent=21858"}],"wp:term":[{"taxonomy":"category","embeddable":true,"href":"https:\/\/sw-osterfeine.de\/index.php?rest_route=%2Fwp%2Fv2%2Fcategories&post=21858"},{"taxonomy":"post_tag","embeddable":true,"href":"https:\/\/sw-osterfeine.de\/index.php?rest_route=%2Fwp%2Fv2%2Ftags&post=21858"}],"curies":[{"name":"wp","href":"https:\/\/api.w.org\/{rel}","templated":true}]}}