{"id":21870,"date":"2018-03-26T08:19:18","date_gmt":"2018-03-26T06:19:18","guid":{"rendered":"http:\/\/sw-osterfeine.de\/?p=21870"},"modified":"2018-04-03T17:42:07","modified_gmt":"2018-04-03T15:42:07","slug":"abschlussbericht-skifreizeit","status":"publish","type":"post","link":"https:\/\/sw-osterfeine.de\/?p=21870","title":{"rendered":"Abschlussbericht Skifreizeit"},"content":{"rendered":"<p>Nach fast zweij\u00e4hriger Vorbereitung \u2013 im Prinzip ging es gleich nach der ersten Reise im M\u00e4rz 2016 los &#8211; starteten am 16.03.2018 im Laufe des Tages die ersten Fahrzeuge in Richtung Oetz. Der Doppeldecker-Bus der Firma Diersen aus Essen\/Oldenburg stand an diesem Freitagabend ab 21 Uhr zur Beladung vor der Sporthalle, von wo er gegen 21:30 Uhr mit 70 Personen im Alter zwischen 6 und 54 Jahren startete.\u00a0Im Laufe der Nacht folgten dann weitere Autos. Insgesamt nahmen 121 Personen an diesem Skiurlaub im Oetz teil. Das familienfreundliche Skigebiet liegt ca. 80 km s\u00fcdlich von F\u00fcssen, dem Grenz\u00fcbergang zu \u00d6sterreich im Allg\u00e4u. Am Samstagmorgen genossen dann 104 Personen das zuvor schon bestellte Fr\u00fchst\u00fcck im Hotel J\u00e4gerhof. Die restlichen Teilnehmer trafen im Laufe des Samstags im Hotel ein. Rund um das Hotel waren zus\u00e4tzlich die in unmittelbarer N\u00e4he zum Hotel liegenden Pensionen Acherkogelblick, Haus Tirolerland, Haus Johannes und die Ferienwohnung Fiegl angemietet. Die Verpflegung aller fand im Hotel J\u00e4gerhof statt. 4 der 121 Teilnehmer waren in der Pension Stecher untergebracht und wurden auch dort verpflegt. Nach dem Fr\u00fchst\u00fcck ging es los um die reservierten Skiausr\u00fcstungen abzuholen und dann mit der Gondel von 820 m auf \u00fcber 2000 m auf den Berg zu fahren. Das war besonders f\u00fcr die Teilnehmer spannend, die nie zuvor im Skiurlaub waren \u2013 und das waren wieder einige.<\/p>\n<p>Am Sonntag, 18.03.2018 starteten dann \u00fcber 60 Teilnehmer &#8211; leistungsm\u00e4\u00dfig aufgeteilt in \u00fcber 10 Gruppen &#8211; um Punkt 10 Uhr mit den Skikursen. Bei nicht optimalen Wetterbedingungen \u2013 es herrschte Nebel mit nicht optimaler Sichtweite \u2013 zogen alle Teilnehmer ihre Bahnen \u00fcber die Skipisten, die mit bis zu 2 Meter hohem Schnee t\u00e4glich pr\u00e4pariert werden. Am Dienstag hatten wir mit \u00fcber 20 cm Neuschnee zu k\u00e4mpfen. Aber niemand lie\u00df sich entmutigen. Von da an wurde das Wetter von Tag zu Tag besser. Schon am Mittwochnachmittag war der Himmel nahezu wolkenlos und die Sonne kam heraus. Das bereits am Anreisetag \u00fcber dem Hoteleingang angebrachte 3,50 m breite OSV-Ski-Banner wies auch nach au\u00dfen \u00fcber die Anwesenheit der Bewohner aus S\u00fcdoldenburg hin.<\/p>\n<p>Auch der Apr\u00e8s-Ski in den unterschiedlichsten H\u00fctten und der Schirmbar kam nicht zu kurz. So ging es f\u00fcr den ein oder anderen nach der Abfahrt mit der Gondel mit Einkehrschwung in die Schirmbar.<\/p>\n<p>Am Hotel J\u00e4gerhof waren \u00fcber die Woche einige Handwerker mit der Errichtung eines zus\u00e4tzlichen Fr\u00fchst\u00fccksraumes besch\u00e4ftigt. Regelm\u00e4\u00dfig wurde diese Baustelle von den in unserer Gruppe mitgereisten Handwerkern begutachtet. Am Donnerstag wurde dann eine vorgefertigte Holzkonstruktion aufgestellt die uns kurzerhand dazu veranlasste, ein Richtfest mit dem Bauherren-Ehepaar Angelika &amp; Klaus J\u00e4ger zu feiern. Nach dem von Markus Kramer aufgesagten Richtspruch sangen alle Anwesenden noch \u201eGro\u00dfer Gott wir loben dich\u2026\u201c. Der zweite Teil dieser (nur von Frauen durchgef\u00fchrten) Feier begann nach Vorbereitung in der Schirmbar in der Pension Stecher. Hier wurde von der Betreiberin auf die \u00f6sterreichische Tradition zum Richtfest hingewiesen. So kamen die Frauen dann mit einem ausgedienten Weihnachtsbaum auf der o. g. Baustelle an, der dann noch entsprechend begossen wurde. \u00a0<\/p>\n<p>Regelm\u00e4\u00dfig wurden nach jedem Abendessen teilweise bis sp\u00e4t in den Abend Informationen \u00fcber die vorangegangenen Tage ausgetauscht. Diese Woche verging mal wieder wie im Flug\u2026<\/p>\n<p>Am Freitag wurden dann die geliehenen Skiausr\u00fcstungen wieder abgegeben, denn der Skiurlaub neigte sich schon dem Ende entgegen. Dann ging es zum Kofferpacken ins Hotel und die Pensionen, wo noch vor dem Abendessen der Bus beladen wurde. Um 20:35 Uhr setzte sich der Bus in Bewegung und kam nach zwei planm\u00e4\u00dfigen Stopps nach rund 10,5 Stunden Reisezeit am Samstagmorgen gegen 7 Uhr wieder in Osterfeine an.<\/p>\n<p>Fazit dieser zweiten OSV-Skifreizeit:<\/p>\n<p>Alle Teilnehmer sind auch dieses Mal ohne nennenswert schwere Verletzungen aus dem Skiurlaub zur\u00fcckgekehrt. Und wieder haben viele Teilnehmer eine Sportart getestet und f\u00fcr sich entdeckt, die es ohne diese Gro\u00df-Veranstaltung wohl nie versucht h\u00e4tten. Denn auch dieses Mal waren doch viele Teilnehmer dabei, die nie zuvor auf Skiern gestanden haben. Wir hatten wieder sehr viel Spa\u00df.<\/p>\n<p>Eine Wiederholung v0m 28.03.-04.04.2020 ist angedacht &#8211; aber nicht in einer solchen Gruppengr\u00f6\u00dfe.<\/p>\n<p>&nbsp;<\/p>\n<p>Mit freundlichen Gr\u00fc\u00dfen<br \/>\n \u2026 die Organisatoren \u2026<\/p>\n<p>&nbsp;<\/p>\n<p><a href=\"https:\/\/sw-osterfeine.de\/wp-content\/uploads\/2018\/03\/DSCI0062-Gruppenfoto-17.03.2018-Anreisetag-e1522045420635.jpg\" data-rel=\"lightbox-image-0\" data-rl_title=\"\" data-rl_caption=\"\" title=\"\"><img loading=\"lazy\" decoding=\"async\" class=\"alignnone size-medium wp-image-21873\" src=\"https:\/\/sw-osterfeine.de\/wp-content\/uploads\/2018\/03\/DSCI0062-Gruppenfoto-17.03.2018-Anreisetag-300x225.jpg\" alt=\"DSCI0062 Gruppenfoto 17.03.2018 Anreisetag\" width=\"300\" height=\"225\" \/><\/a>\u00a0\u00a0 <a href=\"https:\/\/sw-osterfeine.de\/wp-content\/uploads\/2018\/03\/DSCI0065-Gruppenfoto-23.03.2018-Skibekleidung-e1522045397831.jpg\" data-rel=\"lightbox-image-1\" data-rl_title=\"\" data-rl_caption=\"\" title=\"\"><img loading=\"lazy\" decoding=\"async\" class=\"alignnone size-medium wp-image-21874\" src=\"https:\/\/sw-osterfeine.de\/wp-content\/uploads\/2018\/03\/DSCI0065-Gruppenfoto-23.03.2018-Skibekleidung-300x225.jpg\" alt=\"DSCI0065 Gruppenfoto 23.03.2018 Skibekleidung\" width=\"300\" height=\"225\" \/><\/a><\/p>\n","protected":false},"excerpt":{"rendered":"<p>Nach fast zweij\u00e4hriger Vorbereitung \u2013 im Prinzip ging es gleich nach der ersten Reise im M\u00e4rz 2016 los &#8211; starteten am 16.03.2018 im Laufe des Tages die ersten Fahrzeuge in Richtung Oetz. Der Doppeldecker-Bus der Firma Diersen aus Essen\/Oldenburg stand an diesem Freitagabend ab 21 Uhr zur Beladung vor der Sporthalle, von wo er gegen [&hellip;]<\/p>\n","protected":false},"author":3,"featured_media":0,"comment_status":"closed","ping_status":"closed","sticky":false,"template":"","format":"standard","meta":{"footnotes":""},"categories":[37],"tags":[],"_links":{"self":[{"href":"https:\/\/sw-osterfeine.de\/index.php?rest_route=\/wp\/v2\/posts\/21870"}],"collection":[{"href":"https:\/\/sw-osterfeine.de\/index.php?rest_route=\/wp\/v2\/posts"}],"about":[{"href":"https:\/\/sw-osterfeine.de\/index.php?rest_route=\/wp\/v2\/types\/post"}],"author":[{"embeddable":true,"href":"https:\/\/sw-osterfeine.de\/index.php?rest_route=\/wp\/v2\/users\/3"}],"replies":[{"embeddable":true,"href":"https:\/\/sw-osterfeine.de\/index.php?rest_route=%2Fwp%2Fv2%2Fcomments&post=21870"}],"version-history":[{"count":5,"href":"https:\/\/sw-osterfeine.de\/index.php?rest_route=\/wp\/v2\/posts\/21870\/revisions"}],"predecessor-version":[{"id":21883,"href":"https:\/\/sw-osterfeine.de\/index.php?rest_route=\/wp\/v2\/posts\/21870\/revisions\/21883"}],"wp:attachment":[{"href":"https:\/\/sw-osterfeine.de\/index.php?rest_route=%2Fwp%2Fv2%2Fmedia&parent=21870"}],"wp:term":[{"taxonomy":"category","embeddable":true,"href":"https:\/\/sw-osterfeine.de\/index.php?rest_route=%2Fwp%2Fv2%2Fcategories&post=21870"},{"taxonomy":"post_tag","embeddable":true,"href":"https:\/\/sw-osterfeine.de\/index.php?rest_route=%2Fwp%2Fv2%2Ftags&post=21870"}],"curies":[{"name":"wp","href":"https:\/\/api.w.org\/{rel}","templated":true}]}}