{"id":21878,"date":"2018-03-28T16:43:23","date_gmt":"2018-03-28T14:43:23","guid":{"rendered":"http:\/\/sw-osterfeine.de\/?p=21878"},"modified":"2018-04-05T17:44:10","modified_gmt":"2018-04-05T15:44:10","slug":"ferienbetreuung","status":"publish","type":"post","link":"https:\/\/sw-osterfeine.de\/?p=21878","title":{"rendered":"Ferienbetreuung"},"content":{"rendered":"<p>Trotz der Osterferien herrscht auf dem osterfeiner Sportgel\u00e4nde viel Bewegung!<\/p>\n<p>Wie schon in den vergangenen Ferien wird wieder die Ferienbetreuung f\u00fcr Kinder von 6 bis 12 Jahren angeboten. Am Montag begann die Ferienbetreuung, die von 5 Jugendlichen aus dem Verein geleitet wird. Enden wird sie morgen an Gr\u00fcndonnerstag. In den vier Tagen nehmen ca. 80 Kinder das Angebot an, sich von 8:00 Uhr bis 16:00 Uhr auf dem gesamten Gel\u00e4nde auszutoben. T\u00e4glich gibt es warmes Mittagessen und Obst und Gem\u00fcse. Die Betreuung wird v\u00f6llig kostenlos angeboten &#8211; lediglich eine Spendenkasse f\u00fcr die Jugendarbeit ist am Eingang plaziert.<\/p>\n<p>Gestern, am Dienstag, haben Lana und David Ebel den Vormittag mit Zirkusschule gestaltet. Daf\u00fcr ein gro\u00dfes DANKESCH\u00d6N!! Heute ging es f\u00fcr die Fussballer nach drau\u00dfen und in der Halle wurden kleine Gruppenspiele gespielt.<\/p>\n<p>Bislang hatten wir riesigen Spa\u00df und freuen uns, dass das Angebot so gut angenommen wird.<\/p>\n<p>&nbsp;<\/p>\n","protected":false},"excerpt":{"rendered":"<p>Trotz der Osterferien herrscht auf dem osterfeiner Sportgel\u00e4nde viel Bewegung! Wie schon in den vergangenen Ferien wird wieder die Ferienbetreuung f\u00fcr Kinder von 6 bis 12 Jahren angeboten. Am Montag begann die Ferienbetreuung, die von 5 Jugendlichen aus dem Verein geleitet wird. Enden wird sie morgen an Gr\u00fcndonnerstag. In den vier Tagen nehmen ca. 80 [&hellip;]<\/p>\n","protected":false},"author":3,"featured_media":0,"comment_status":"closed","ping_status":"closed","sticky":false,"template":"","format":"standard","meta":{"footnotes":""},"categories":[37],"tags":[],"_links":{"self":[{"href":"https:\/\/sw-osterfeine.de\/index.php?rest_route=\/wp\/v2\/posts\/21878"}],"collection":[{"href":"https:\/\/sw-osterfeine.de\/index.php?rest_route=\/wp\/v2\/posts"}],"about":[{"href":"https:\/\/sw-osterfeine.de\/index.php?rest_route=\/wp\/v2\/types\/post"}],"author":[{"embeddable":true,"href":"https:\/\/sw-osterfeine.de\/index.php?rest_route=\/wp\/v2\/users\/3"}],"replies":[{"embeddable":true,"href":"https:\/\/sw-osterfeine.de\/index.php?rest_route=%2Fwp%2Fv2%2Fcomments&post=21878"}],"version-history":[{"count":1,"href":"https:\/\/sw-osterfeine.de\/index.php?rest_route=\/wp\/v2\/posts\/21878\/revisions"}],"predecessor-version":[{"id":21879,"href":"https:\/\/sw-osterfeine.de\/index.php?rest_route=\/wp\/v2\/posts\/21878\/revisions\/21879"}],"wp:attachment":[{"href":"https:\/\/sw-osterfeine.de\/index.php?rest_route=%2Fwp%2Fv2%2Fmedia&parent=21878"}],"wp:term":[{"taxonomy":"category","embeddable":true,"href":"https:\/\/sw-osterfeine.de\/index.php?rest_route=%2Fwp%2Fv2%2Fcategories&post=21878"},{"taxonomy":"post_tag","embeddable":true,"href":"https:\/\/sw-osterfeine.de\/index.php?rest_route=%2Fwp%2Fv2%2Ftags&post=21878"}],"curies":[{"name":"wp","href":"https:\/\/api.w.org\/{rel}","templated":true}]}}