{"id":21956,"date":"2018-04-09T08:28:56","date_gmt":"2018-04-09T06:28:56","guid":{"rendered":"http:\/\/sw-osterfeine.de\/?p=21956"},"modified":"2018-04-09T08:28:56","modified_gmt":"2018-04-09T06:28:56","slug":"neue-jacken-fuer-die-1-d-jugend","status":"publish","type":"post","link":"https:\/\/sw-osterfeine.de\/?p=21956","title":{"rendered":"Neue Jacken f\u00fcr die 1. D-Jugend"},"content":{"rendered":"<p>Die 1. D-Jugend von SW Osterfeine bedankt sich f\u00fcr die neuen Regenjacken bei WPG-Pooling GmbH und dessen Gesch\u00e4ftsf\u00fchrer Felix Borgerding.<\/p>\n<p><a href=\"https:\/\/sw-osterfeine.de\/wp-content\/uploads\/2018\/04\/IMG_5636-e1523255307672.jpg\" data-rel=\"lightbox-image-0\" data-rl_title=\"\" data-rl_caption=\"\" title=\"\"><img loading=\"lazy\" decoding=\"async\" class=\"alignnone size-medium wp-image-21957\" src=\"https:\/\/sw-osterfeine.de\/wp-content\/uploads\/2018\/04\/IMG_5636-e1523255298845-300x225.jpg\" alt=\"\" width=\"300\" height=\"225\" \/><\/a><\/p>\n","protected":false},"excerpt":{"rendered":"<p>Die 1. D-Jugend von SW Osterfeine bedankt sich f\u00fcr die neuen Regenjacken bei WPG-Pooling GmbH und dessen Gesch\u00e4ftsf\u00fchrer Felix Borgerding.<\/p>\n","protected":false},"author":3,"featured_media":0,"comment_status":"closed","ping_status":"closed","sticky":false,"template":"","format":"standard","meta":{"footnotes":""},"categories":[3],"tags":[],"_links":{"self":[{"href":"https:\/\/sw-osterfeine.de\/index.php?rest_route=\/wp\/v2\/posts\/21956"}],"collection":[{"href":"https:\/\/sw-osterfeine.de\/index.php?rest_route=\/wp\/v2\/posts"}],"about":[{"href":"https:\/\/sw-osterfeine.de\/index.php?rest_route=\/wp\/v2\/types\/post"}],"author":[{"embeddable":true,"href":"https:\/\/sw-osterfeine.de\/index.php?rest_route=\/wp\/v2\/users\/3"}],"replies":[{"embeddable":true,"href":"https:\/\/sw-osterfeine.de\/index.php?rest_route=%2Fwp%2Fv2%2Fcomments&post=21956"}],"version-history":[{"count":1,"href":"https:\/\/sw-osterfeine.de\/index.php?rest_route=\/wp\/v2\/posts\/21956\/revisions"}],"predecessor-version":[{"id":21958,"href":"https:\/\/sw-osterfeine.de\/index.php?rest_route=\/wp\/v2\/posts\/21956\/revisions\/21958"}],"wp:attachment":[{"href":"https:\/\/sw-osterfeine.de\/index.php?rest_route=%2Fwp%2Fv2%2Fmedia&parent=21956"}],"wp:term":[{"taxonomy":"category","embeddable":true,"href":"https:\/\/sw-osterfeine.de\/index.php?rest_route=%2Fwp%2Fv2%2Fcategories&post=21956"},{"taxonomy":"post_tag","embeddable":true,"href":"https:\/\/sw-osterfeine.de\/index.php?rest_route=%2Fwp%2Fv2%2Ftags&post=21956"}],"curies":[{"name":"wp","href":"https:\/\/api.w.org\/{rel}","templated":true}]}}