{"id":21988,"date":"2018-04-11T12:05:42","date_gmt":"2018-04-11T10:05:42","guid":{"rendered":"http:\/\/sw-osterfeine.de\/?p=21988"},"modified":"2018-04-11T12:05:42","modified_gmt":"2018-04-11T10:05:42","slug":"damen-handball-regionsoberliga-3","status":"publish","type":"post","link":"https:\/\/sw-osterfeine.de\/?p=21988","title":{"rendered":"Damen Handball Regionsoberliga"},"content":{"rendered":"<div class=\"moz-text-html\" lang=\"x-unicode\">\n<div>\n<div>Am sonnigen Samstagnachmittag empfing der Tabellenelfte SW Osterfeine II auf eigenem Platz den siebtplazierten SV Cappeln\u00a0 I . \u00a0 Dieses Begegnung gewannen die G\u00e4ste aus dem Nachbarkreis 15-11 (7-6) gegen unsere\u00a0 2. Mannschaft. F\u00fcr Cappeln I war es der 1. Sieg im Jahr 2018 . SWO -Kreisspielerin Ela Nienaber (Ela kann aufgrund Knieprobleme zur Zeit nicht spielen) und der scheidende Coach Andreas Knochenwefel sahen gute Torwartleistungen (von Luisa und Iris), die\u00a0 6-0\u00a0 Deckung stand im gro\u00dfen und ganzen gut, aber im Angriff gab es Ladehemmung. Im Offensivspiel nach vorn erlaubten wir uns\u00a0 Fehlp\u00e4sse, Standhandball und eine schwache Wurfausbeute gegen einen schlagbaren Gegner . Wir werden in den n\u00e4chsten Trainingseinheiten daran arbeiten , denn am n\u00e4chsten Sonntag (15.April 2018, 14 Uhr) geben wir unsere Visitenkarte bei der HSG Diepholz\/Barnstorf II\u00a0 (6.) ab. Ob uns dort ein Sieg gelingt? Die Reserve aus der Kreistadt m\u00f6chte auf jeden Fall noch den Sprung in die neuzubildende Regionsoberliga 18\/19 schaffen.<\/div>\n<div>\u00a0Ach ja &#8211; Rebecca (2), Kerstin (1), Isabelle (4), Vanessa (1), Lisa (2) und Anne (1) trafen f\u00fcr unsere Mannschaft gegen Cappeln I ins Schwarze.<\/div>\n<div><\/div>\n<div>Munter bleiben , die Handballerinnen<\/div>\n<\/div>\n<\/div>\n","protected":false},"excerpt":{"rendered":"<p>Am sonnigen Samstagnachmittag empfing der Tabellenelfte SW Osterfeine II auf eigenem Platz den siebtplazierten SV Cappeln\u00a0 I . \u00a0 Dieses Begegnung gewannen die G\u00e4ste aus dem Nachbarkreis 15-11 (7-6) gegen unsere\u00a0 2. Mannschaft. F\u00fcr Cappeln I war es der 1. Sieg im Jahr 2018 . SWO -Kreisspielerin Ela Nienaber (Ela kann aufgrund Knieprobleme zur Zeit [&hellip;]<\/p>\n","protected":false},"author":3,"featured_media":0,"comment_status":"closed","ping_status":"closed","sticky":false,"template":"","format":"standard","meta":{"footnotes":""},"categories":[1],"tags":[],"_links":{"self":[{"href":"https:\/\/sw-osterfeine.de\/index.php?rest_route=\/wp\/v2\/posts\/21988"}],"collection":[{"href":"https:\/\/sw-osterfeine.de\/index.php?rest_route=\/wp\/v2\/posts"}],"about":[{"href":"https:\/\/sw-osterfeine.de\/index.php?rest_route=\/wp\/v2\/types\/post"}],"author":[{"embeddable":true,"href":"https:\/\/sw-osterfeine.de\/index.php?rest_route=\/wp\/v2\/users\/3"}],"replies":[{"embeddable":true,"href":"https:\/\/sw-osterfeine.de\/index.php?rest_route=%2Fwp%2Fv2%2Fcomments&post=21988"}],"version-history":[{"count":1,"href":"https:\/\/sw-osterfeine.de\/index.php?rest_route=\/wp\/v2\/posts\/21988\/revisions"}],"predecessor-version":[{"id":21989,"href":"https:\/\/sw-osterfeine.de\/index.php?rest_route=\/wp\/v2\/posts\/21988\/revisions\/21989"}],"wp:attachment":[{"href":"https:\/\/sw-osterfeine.de\/index.php?rest_route=%2Fwp%2Fv2%2Fmedia&parent=21988"}],"wp:term":[{"taxonomy":"category","embeddable":true,"href":"https:\/\/sw-osterfeine.de\/index.php?rest_route=%2Fwp%2Fv2%2Fcategories&post=21988"},{"taxonomy":"post_tag","embeddable":true,"href":"https:\/\/sw-osterfeine.de\/index.php?rest_route=%2Fwp%2Fv2%2Ftags&post=21988"}],"curies":[{"name":"wp","href":"https:\/\/api.w.org\/{rel}","templated":true}]}}