{"id":22007,"date":"2018-04-16T19:15:44","date_gmt":"2018-04-16T17:15:44","guid":{"rendered":"http:\/\/sw-osterfeine.de\/?p=22007"},"modified":"2018-04-16T19:15:44","modified_gmt":"2018-04-16T17:15:44","slug":"handball-i-e-jugend-ist-kreismeister","status":"publish","type":"post","link":"https:\/\/sw-osterfeine.de\/?p=22007","title":{"rendered":"Handball I. E-Jugend ist Kreismeister"},"content":{"rendered":"<p>Unsere Handball E-Jugend hat sich den Meistertitel in der Kreisliga des Bezirks Vechta \/ Cloppenburg \/ Diepholz geholt. Vor ein paar Wochen haben wir noch berichtet, das ein Finale gegen den BV Garrel stattfinden sollte, da beide Vereine mit 2 Minuspunkten punktgleich an der Tabellenf\u00fchrung waren.Der Staffelleiter hat seine urspr\u00fcngliche Idee nun aber widerrufen, und daher z\u00e4hlt das Torverh\u00e4ltnis. Dieses ist bei unseren jungen M\u00e4dels klar besser als beim Konkurrenten, und somit geht der Meistertitel nach Osterfeine. Eine ganz tolle Leistung der M\u00e4dels von Jutta Hillmann.<\/p>\n<p>Die Siegerehrung findet am Samstag, den 05. Mai 2018 in der Halbzeitpause des letzten Spiels unserer 1. Damenmannschaft in unserer Sporthalle statt.<\/p>\n<p>Am gestrigen Sonntag fand dann noch das Abschlussturnier aller E-Jugendmannschaften in den Sporthallen in Lohne und M\u00fchlen statt. Auch hier konnte unsere I. E-Jugend den ersten Platz belegen. Man siegte gegen die Mannschaften von BW Lohne, SFN Vechta und die SG Wetschen\/Wagenfeld. Nur das erste Spiel wurde gegen RW Damme verloren, aber zum Gl\u00fcck reichte es noch zum Turniersieg. Auch unsere II. E-Jugend nahm an dem Turnier teil, und belegte in ihrer Gruppe einen hervorragenden 2. Platz.<\/p>\n<p>Das Turnier war ein sch\u00f6ner Abschluss zum Ende der Saison, nun haben wir bis September gen\u00fcgend Zeit, um uns auf die neue Saison vorzubereiten.<\/p>\n","protected":false},"excerpt":{"rendered":"<p>Unsere Handball E-Jugend hat sich den Meistertitel in der Kreisliga des Bezirks Vechta \/ Cloppenburg \/ Diepholz geholt. Vor ein paar Wochen haben wir noch berichtet, das ein Finale gegen den BV Garrel stattfinden sollte, da beide Vereine mit 2 Minuspunkten punktgleich an der Tabellenf\u00fchrung waren.Der Staffelleiter hat seine urspr\u00fcngliche Idee nun aber widerrufen, und [&hellip;]<\/p>\n","protected":false},"author":3,"featured_media":0,"comment_status":"closed","ping_status":"closed","sticky":false,"template":"","format":"standard","meta":{"footnotes":""},"categories":[1],"tags":[],"_links":{"self":[{"href":"https:\/\/sw-osterfeine.de\/index.php?rest_route=\/wp\/v2\/posts\/22007"}],"collection":[{"href":"https:\/\/sw-osterfeine.de\/index.php?rest_route=\/wp\/v2\/posts"}],"about":[{"href":"https:\/\/sw-osterfeine.de\/index.php?rest_route=\/wp\/v2\/types\/post"}],"author":[{"embeddable":true,"href":"https:\/\/sw-osterfeine.de\/index.php?rest_route=\/wp\/v2\/users\/3"}],"replies":[{"embeddable":true,"href":"https:\/\/sw-osterfeine.de\/index.php?rest_route=%2Fwp%2Fv2%2Fcomments&post=22007"}],"version-history":[{"count":1,"href":"https:\/\/sw-osterfeine.de\/index.php?rest_route=\/wp\/v2\/posts\/22007\/revisions"}],"predecessor-version":[{"id":22008,"href":"https:\/\/sw-osterfeine.de\/index.php?rest_route=\/wp\/v2\/posts\/22007\/revisions\/22008"}],"wp:attachment":[{"href":"https:\/\/sw-osterfeine.de\/index.php?rest_route=%2Fwp%2Fv2%2Fmedia&parent=22007"}],"wp:term":[{"taxonomy":"category","embeddable":true,"href":"https:\/\/sw-osterfeine.de\/index.php?rest_route=%2Fwp%2Fv2%2Fcategories&post=22007"},{"taxonomy":"post_tag","embeddable":true,"href":"https:\/\/sw-osterfeine.de\/index.php?rest_route=%2Fwp%2Fv2%2Ftags&post=22007"}],"curies":[{"name":"wp","href":"https:\/\/api.w.org\/{rel}","templated":true}]}}