{"id":22094,"date":"2018-05-08T18:24:59","date_gmt":"2018-05-08T16:24:59","guid":{"rendered":"http:\/\/sw-osterfeine.de\/?p=22094"},"modified":"2018-05-08T18:24:59","modified_gmt":"2018-05-08T16:24:59","slug":"i-damenmannschaft-nun-doch-mit-dem-direktaufstieg-in-die-landesliga","status":"publish","type":"post","link":"https:\/\/sw-osterfeine.de\/?p=22094","title":{"rendered":"I. Damenmannschaft nun doch mit dem Direktaufstieg in die Landesliga"},"content":{"rendered":"<p>Beim Handball muss man immer auf Alles gefasst sein \u2013 das gilt auf dem Platz, aber h\u00e4ufig auch daneben!<\/p>\n<p>Was am Samstag nach dem letzten Saisonspiel noch nicht zu erahnen war, das sickerte am fr\u00fchen Sonntagabend mehr und mehr durch: Zun\u00e4chst gab es nur den Hinweis im Ergebnis- und Spielplanportal, dass die Aufstiegsspiele ausfallen. Im weiteren Verlauf des Abends verdichteten sich die Ger\u00fcchte, dass die beiden Erstplatzierten der Nordstaffel auf den Aufstieg verzichten w\u00fcrden. Sp\u00e4testens am Montag in aller Fr\u00fche stand dann fest, dass wir tats\u00e4chlich ohne den Umweg \u201eRelegation\u201c in die Landesliga aufgestiegen sind.<\/p>\n<p>Angesichts des \u00fcber weite Strecken erfolgreichen Saisonverlaufs ist dieser Aufstieg sicher verdient. Nat\u00fcrlich w\u00e4ren wir gerne als Meister aus dieser Saison hervorgegangen, aber dazu wirkten die Ausf\u00e4lle von Karin, Lena und Anka dann doch kurzfristig zu schwer. Egal\u2026Landesliga ist Landesliga.<\/p>\n<p>Wir werden jetzt erst einmal in K\u00fcrze in die wohlverdiente Pause gehen, bevor es dann Mitte Juni wieder losgeht in Sachen Vorbereitung. Mal schauen, wohin uns das Ganze f\u00fchrt.<\/p>\n<p>Bis demn\u00e4chst dann wieder!!!<\/p>\n<p>&nbsp;<\/p>\n","protected":false},"excerpt":{"rendered":"<p>Beim Handball muss man immer auf Alles gefasst sein \u2013 das gilt auf dem Platz, aber h\u00e4ufig auch daneben! Was am Samstag nach dem letzten Saisonspiel noch nicht zu erahnen war, das sickerte am fr\u00fchen Sonntagabend mehr und mehr durch: Zun\u00e4chst gab es nur den Hinweis im Ergebnis- und Spielplanportal, dass die Aufstiegsspiele ausfallen. Im [&hellip;]<\/p>\n","protected":false},"author":3,"featured_media":0,"comment_status":"closed","ping_status":"closed","sticky":false,"template":"","format":"standard","meta":{"footnotes":""},"categories":[1],"tags":[],"_links":{"self":[{"href":"https:\/\/sw-osterfeine.de\/index.php?rest_route=\/wp\/v2\/posts\/22094"}],"collection":[{"href":"https:\/\/sw-osterfeine.de\/index.php?rest_route=\/wp\/v2\/posts"}],"about":[{"href":"https:\/\/sw-osterfeine.de\/index.php?rest_route=\/wp\/v2\/types\/post"}],"author":[{"embeddable":true,"href":"https:\/\/sw-osterfeine.de\/index.php?rest_route=\/wp\/v2\/users\/3"}],"replies":[{"embeddable":true,"href":"https:\/\/sw-osterfeine.de\/index.php?rest_route=%2Fwp%2Fv2%2Fcomments&post=22094"}],"version-history":[{"count":1,"href":"https:\/\/sw-osterfeine.de\/index.php?rest_route=\/wp\/v2\/posts\/22094\/revisions"}],"predecessor-version":[{"id":22095,"href":"https:\/\/sw-osterfeine.de\/index.php?rest_route=\/wp\/v2\/posts\/22094\/revisions\/22095"}],"wp:attachment":[{"href":"https:\/\/sw-osterfeine.de\/index.php?rest_route=%2Fwp%2Fv2%2Fmedia&parent=22094"}],"wp:term":[{"taxonomy":"category","embeddable":true,"href":"https:\/\/sw-osterfeine.de\/index.php?rest_route=%2Fwp%2Fv2%2Fcategories&post=22094"},{"taxonomy":"post_tag","embeddable":true,"href":"https:\/\/sw-osterfeine.de\/index.php?rest_route=%2Fwp%2Fv2%2Ftags&post=22094"}],"curies":[{"name":"wp","href":"https:\/\/api.w.org\/{rel}","templated":true}]}}