{"id":22245,"date":"2018-07-02T08:15:09","date_gmt":"2018-07-02T06:15:09","guid":{"rendered":"http:\/\/sw-osterfeine.de\/?p=22245"},"modified":"2018-07-02T08:15:09","modified_gmt":"2018-07-02T06:15:09","slug":"steffen-wehri-absolviert-sein-fsj-beim-swo","status":"publish","type":"post","link":"https:\/\/sw-osterfeine.de\/?p=22245","title":{"rendered":"Steffen Wehri absolviert sein FSJ beim SWO"},"content":{"rendered":"<p>Nach bestandenem Abitur absolviert ab dem 1.7.2018 mit Steffen Wehri ein weiterer junger OSV-Sportler sein Freiwilliges Soziales Jahr beim Sportverein SW Osterfeine. Steffen beerbt somit unseren zum 30.6.2018 ausgeschiedenen FSJler Arne Vink. Steffen wird in den kommenden 12 Monaten vielf\u00e4ltige Aufgaben in unserem Verein \u00fcbernehmen, um f\u00fcr unsere \u00fcber 1600 Mitglieder helfend t\u00e4tig zu sein. Die genauen Zeiten wann Steffen in der Gesch\u00e4ftsstelle erreichbar ist und welche Kurse und Gruppen er trainiert bzw unterst\u00fctzt, werden in den n\u00e4chsten Tagen bekanntgegeben.<\/p>\n<p>Steffen hat vom kleinsten Kindesalter an alle OSV-Jugendfu\u00dfballmannschaften durchlaufen und beginnt parallel mit dem FSJ-Start seine Seniorenfu\u00dfballzeit in der I-Herrenmannschaft von SW Osterfeine I.<\/p>\n<p>Einen Monat sp\u00e4ter beginnt mit Yvonne Rehling eine weitere OSV-Sportlerin ihr FSJ im OSV. Dazu dann sp\u00e4ter weitere Infos.<\/p>\n","protected":false},"excerpt":{"rendered":"<p>Nach bestandenem Abitur absolviert ab dem 1.7.2018 mit Steffen Wehri ein weiterer junger OSV-Sportler sein Freiwilliges Soziales Jahr beim Sportverein SW Osterfeine. Steffen beerbt somit unseren zum 30.6.2018 ausgeschiedenen FSJler Arne Vink. Steffen wird in den kommenden 12 Monaten vielf\u00e4ltige Aufgaben in unserem Verein \u00fcbernehmen, um f\u00fcr unsere \u00fcber 1600 Mitglieder helfend t\u00e4tig zu sein. [&hellip;]<\/p>\n","protected":false},"author":3,"featured_media":0,"comment_status":"closed","ping_status":"closed","sticky":false,"template":"","format":"standard","meta":{"footnotes":""},"categories":[37],"tags":[],"_links":{"self":[{"href":"https:\/\/sw-osterfeine.de\/index.php?rest_route=\/wp\/v2\/posts\/22245"}],"collection":[{"href":"https:\/\/sw-osterfeine.de\/index.php?rest_route=\/wp\/v2\/posts"}],"about":[{"href":"https:\/\/sw-osterfeine.de\/index.php?rest_route=\/wp\/v2\/types\/post"}],"author":[{"embeddable":true,"href":"https:\/\/sw-osterfeine.de\/index.php?rest_route=\/wp\/v2\/users\/3"}],"replies":[{"embeddable":true,"href":"https:\/\/sw-osterfeine.de\/index.php?rest_route=%2Fwp%2Fv2%2Fcomments&post=22245"}],"version-history":[{"count":1,"href":"https:\/\/sw-osterfeine.de\/index.php?rest_route=\/wp\/v2\/posts\/22245\/revisions"}],"predecessor-version":[{"id":22246,"href":"https:\/\/sw-osterfeine.de\/index.php?rest_route=\/wp\/v2\/posts\/22245\/revisions\/22246"}],"wp:attachment":[{"href":"https:\/\/sw-osterfeine.de\/index.php?rest_route=%2Fwp%2Fv2%2Fmedia&parent=22245"}],"wp:term":[{"taxonomy":"category","embeddable":true,"href":"https:\/\/sw-osterfeine.de\/index.php?rest_route=%2Fwp%2Fv2%2Fcategories&post=22245"},{"taxonomy":"post_tag","embeddable":true,"href":"https:\/\/sw-osterfeine.de\/index.php?rest_route=%2Fwp%2Fv2%2Ftags&post=22245"}],"curies":[{"name":"wp","href":"https:\/\/api.w.org\/{rel}","templated":true}]}}