{"id":22247,"date":"2018-07-02T08:17:24","date_gmt":"2018-07-02T06:17:24","guid":{"rendered":"http:\/\/sw-osterfeine.de\/?p=22247"},"modified":"2018-07-02T08:17:24","modified_gmt":"2018-07-02T06:17:24","slug":"auftaktspiele-fuer-i-und-ii-herren-sind-angesetzt","status":"publish","type":"post","link":"https:\/\/sw-osterfeine.de\/?p=22247","title":{"rendered":"Auftaktspiele f\u00fcr I- und II-Herren sind angesetzt"},"content":{"rendered":"<p>\u00c4u\u00dferst reizvolle Begegnungen halten die vorl\u00e4ufigen Spielpl\u00e4ne f\u00fcr unsere Erste und Zweite bereit.<\/p>\n<p>Am 12.8.2018 startet unsere Erste beim letztj\u00e4hrigen Tabellenzweiten BW Lohne II, eine Woche sp\u00e4ter erscheint der letztj\u00e4hrige Tabellendritte und Aufstiegsfavorit SV Holdorf in Osterfeine, eine Woche sp\u00e4ter geht es f\u00fcr unsere Jungs nach Brockdorf und am 2.9.2018 folgt das Heimderby gegen Falke Steinfeld!! Sicherlich ein Hammerauftaktprogramm f\u00fcr unsere Jungs.<\/p>\n<p>Unsere Zweite startet ihre Punktspielserie am 5.8.2018 in Rechterfeld, empf\u00e4ngt dann RW Visbek, spielt in M\u00fchlen II und erwartet dann Brockdorf II. Auch f\u00fcr unsere Zweite stehen somit gleich zu Beginn dicke Brocken im Kreisligaweg.<\/p>\n<p>Im Kreispokal empf\u00e4ngt unsere Zweite am 29.7.2018 unsere Nachbarn von Falke Steinfeld II.<\/p>\n","protected":false},"excerpt":{"rendered":"<p>\u00c4u\u00dferst reizvolle Begegnungen halten die vorl\u00e4ufigen Spielpl\u00e4ne f\u00fcr unsere Erste und Zweite bereit. Am 12.8.2018 startet unsere Erste beim letztj\u00e4hrigen Tabellenzweiten BW Lohne II, eine Woche sp\u00e4ter erscheint der letztj\u00e4hrige Tabellendritte und Aufstiegsfavorit SV Holdorf in Osterfeine, eine Woche sp\u00e4ter geht es f\u00fcr unsere Jungs nach Brockdorf und am 2.9.2018 folgt das Heimderby gegen Falke [&hellip;]<\/p>\n","protected":false},"author":3,"featured_media":0,"comment_status":"closed","ping_status":"closed","sticky":false,"template":"","format":"standard","meta":{"footnotes":""},"categories":[3],"tags":[],"_links":{"self":[{"href":"https:\/\/sw-osterfeine.de\/index.php?rest_route=\/wp\/v2\/posts\/22247"}],"collection":[{"href":"https:\/\/sw-osterfeine.de\/index.php?rest_route=\/wp\/v2\/posts"}],"about":[{"href":"https:\/\/sw-osterfeine.de\/index.php?rest_route=\/wp\/v2\/types\/post"}],"author":[{"embeddable":true,"href":"https:\/\/sw-osterfeine.de\/index.php?rest_route=\/wp\/v2\/users\/3"}],"replies":[{"embeddable":true,"href":"https:\/\/sw-osterfeine.de\/index.php?rest_route=%2Fwp%2Fv2%2Fcomments&post=22247"}],"version-history":[{"count":1,"href":"https:\/\/sw-osterfeine.de\/index.php?rest_route=\/wp\/v2\/posts\/22247\/revisions"}],"predecessor-version":[{"id":22248,"href":"https:\/\/sw-osterfeine.de\/index.php?rest_route=\/wp\/v2\/posts\/22247\/revisions\/22248"}],"wp:attachment":[{"href":"https:\/\/sw-osterfeine.de\/index.php?rest_route=%2Fwp%2Fv2%2Fmedia&parent=22247"}],"wp:term":[{"taxonomy":"category","embeddable":true,"href":"https:\/\/sw-osterfeine.de\/index.php?rest_route=%2Fwp%2Fv2%2Fcategories&post=22247"},{"taxonomy":"post_tag","embeddable":true,"href":"https:\/\/sw-osterfeine.de\/index.php?rest_route=%2Fwp%2Fv2%2Ftags&post=22247"}],"curies":[{"name":"wp","href":"https:\/\/api.w.org\/{rel}","templated":true}]}}