{"id":22271,"date":"2018-07-13T13:58:07","date_gmt":"2018-07-13T11:58:07","guid":{"rendered":"http:\/\/sw-osterfeine.de\/?p=22271"},"modified":"2018-07-13T14:02:02","modified_gmt":"2018-07-13T12:02:02","slug":"abschlussbericht-ferienbetreuung-2","status":"publish","type":"post","link":"https:\/\/sw-osterfeine.de\/?p=22271","title":{"rendered":"Abschlussbericht Ferienbetreuung"},"content":{"rendered":"<p>Eine Woche voller Action liegt nun hinter uns! Auch wenn es dieses Mal deutlich weniger Teilnehmer waren, als bei den vorherigen Ferienbetreunungen, ist der Spa\u00df nicht zu kurz gekommen. Die Kinder konnten sich auf dem gesamten Sportgel\u00e4nde austoben. Zur St\u00e4rkung gab es mittags ausreichend leckeres Essen von Petra Macke und zwischendurch frisches Obst und Gem\u00fcse.<\/p>\n<p><a href=\"https:\/\/sw-osterfeine.de\/wp-content\/uploads\/2018\/07\/Image-e1531482178739.jpeg\" data-rel=\"lightbox-image-0\" data-rl_title=\"\" data-rl_caption=\"\" title=\"\"><img loading=\"lazy\" decoding=\"async\" class=\"alignnone wp-image-22273\" src=\"https:\/\/sw-osterfeine.de\/wp-content\/uploads\/2018\/07\/Image-1024x768.jpeg\" alt=\"\" width=\"301\" height=\"226\" \/><\/a>\u00a0 <a href=\"https:\/\/sw-osterfeine.de\/wp-content\/uploads\/2018\/07\/gruppenfoto-e1531482165185.jpg\" data-rel=\"lightbox-image-1\" data-rl_title=\"\" data-rl_caption=\"\" title=\"\"><img loading=\"lazy\" decoding=\"async\" class=\"alignnone wp-image-22272\" src=\"https:\/\/sw-osterfeine.de\/wp-content\/uploads\/2018\/07\/gruppenfoto-1024x768.jpg\" alt=\"\" width=\"302\" height=\"227\" \/><\/a><\/p>\n<p>Wir Betreuer m\u00f6chten uns f\u00fcr die f\u00fcnf Tage bei allen Kindern bedanken. Es hat uns riesen Spa\u00df gemacht, mit euch unserer freie Zeit zu verbringen. Auch ein Dank geht an die Eltern, f\u00fcr ihre freiwilligen Spenden, die f\u00fcr die Jugendarbeit des Vereins eingesetzt werden.<\/p>\n<div id=\"attachment_22275\" style=\"width: 228px\" class=\"wp-caption alignnone\"><a href=\"https:\/\/sw-osterfeine.de\/wp-content\/uploads\/2018\/07\/Image-2-e1531482914835.jpeg\" data-rel=\"lightbox-image-2\" data-rl_title=\"\" data-rl_caption=\"\" title=\"\"><img loading=\"lazy\" decoding=\"async\" aria-describedby=\"caption-attachment-22275\" class=\"wp-image-22275\" src=\"https:\/\/sw-osterfeine.de\/wp-content\/uploads\/2018\/07\/Image-2-768x1024.jpeg\" alt=\"\" width=\"218\" height=\"290\" \/><\/a><p id=\"caption-attachment-22275\" class=\"wp-caption-text\">v. l.: Steffen Wehri, Arne Vink, Clara Gravemeyer, Jasmin Lorenz und Anna Bley. Auf dem Bild fehlt Yvonne Rehling<\/p><\/div>\n<p>Ein gro\u00dfes <strong>DANKESCH\u00d6N<\/strong> geht an unsere Betreuer, ohne die die Ferienbetreuung nicht laufen w\u00fcrde.<\/p>\n<p>&nbsp;<\/p>\n<p>PS: Vom <strong>08.10. &#8211; 12.10.18<\/strong> findet in den Herbstferien die n\u00e4chste Ferienbetreuung statt. Anmeldungen k\u00f6nnen ab sofort per E-mail an die Gesch\u00e4ftsstelle eingereicht werden.<\/p>\n","protected":false},"excerpt":{"rendered":"<p>Eine Woche voller Action liegt nun hinter uns! Auch wenn es dieses Mal deutlich weniger Teilnehmer waren, als bei den vorherigen Ferienbetreunungen, ist der Spa\u00df nicht zu kurz gekommen. Die Kinder konnten sich auf dem gesamten Sportgel\u00e4nde austoben. Zur St\u00e4rkung gab es mittags ausreichend leckeres Essen von Petra Macke und zwischendurch frisches Obst und Gem\u00fcse. [&hellip;]<\/p>\n","protected":false},"author":3,"featured_media":0,"comment_status":"closed","ping_status":"closed","sticky":false,"template":"","format":"standard","meta":{"footnotes":""},"categories":[37],"tags":[],"_links":{"self":[{"href":"https:\/\/sw-osterfeine.de\/index.php?rest_route=\/wp\/v2\/posts\/22271"}],"collection":[{"href":"https:\/\/sw-osterfeine.de\/index.php?rest_route=\/wp\/v2\/posts"}],"about":[{"href":"https:\/\/sw-osterfeine.de\/index.php?rest_route=\/wp\/v2\/types\/post"}],"author":[{"embeddable":true,"href":"https:\/\/sw-osterfeine.de\/index.php?rest_route=\/wp\/v2\/users\/3"}],"replies":[{"embeddable":true,"href":"https:\/\/sw-osterfeine.de\/index.php?rest_route=%2Fwp%2Fv2%2Fcomments&post=22271"}],"version-history":[{"count":3,"href":"https:\/\/sw-osterfeine.de\/index.php?rest_route=\/wp\/v2\/posts\/22271\/revisions"}],"predecessor-version":[{"id":22279,"href":"https:\/\/sw-osterfeine.de\/index.php?rest_route=\/wp\/v2\/posts\/22271\/revisions\/22279"}],"wp:attachment":[{"href":"https:\/\/sw-osterfeine.de\/index.php?rest_route=%2Fwp%2Fv2%2Fmedia&parent=22271"}],"wp:term":[{"taxonomy":"category","embeddable":true,"href":"https:\/\/sw-osterfeine.de\/index.php?rest_route=%2Fwp%2Fv2%2Fcategories&post=22271"},{"taxonomy":"post_tag","embeddable":true,"href":"https:\/\/sw-osterfeine.de\/index.php?rest_route=%2Fwp%2Fv2%2Ftags&post=22271"}],"curies":[{"name":"wp","href":"https:\/\/api.w.org\/{rel}","templated":true}]}}