{"id":22281,"date":"2018-07-17T13:42:22","date_gmt":"2018-07-17T11:42:22","guid":{"rendered":"http:\/\/sw-osterfeine.de\/?p=22281"},"modified":"2018-07-18T10:28:21","modified_gmt":"2018-07-18T08:28:21","slug":"vaeter-kinder-zelten-vom-14-bis-15-juli-2018","status":"publish","type":"post","link":"https:\/\/sw-osterfeine.de\/?p=22281","title":{"rendered":"V\u00e4ter-Kinder-Zelten vom 14. bis 15. Juli 2018"},"content":{"rendered":"<p>Am vergangenen Wochenende, also vom 14. bis 15. Juli 2018, fand nun schon zum 4. mal das V\u00e4ter-Kinder-Zelten auf dem Gel\u00e4nde des Sportvereins Schwarz-Weiss Osterfeine statt. Das Wetter h\u00e4tte nicht besser sein k\u00f6nnen. Teilgenommen haben 12 V\u00e4ter und 34 Kinder. Der Aufbau der Zelte begann am Samstag gegen 15:30 Uhr &#8211; ein Zelt gr\u00f6\u00dfer als das andere. Highlight in diesem Jahr war sicher der Fallschirm von Markus Kramer. Dieses \u00fcber 200 m\u00b2 gro\u00dfe \u201eDach\u201c wurde mit Hilfe des Teleskopladers \u00fcber der gepflasterten Fl\u00e4che hinter der Sporthalle aufgespannt, sodass ein super Sonnenschutz bestand. Zur Abk\u00fchlung f\u00fcr die Kinder wurde ein Pool, gef\u00fcllt mit 1000 l Wasser, aufgebaut. Nach dem Abpfiff des WM-Spiels um Platz drei begann das Abendessen. Zu 5 Salaten gab es Pommes und Grillfleisch \u2013 als Nachspeise Eis zum Sattessen. Anschlie\u00dfend fanden in der Sporthalle die unterschiedlichsten Spiele statt. Bei gek\u00fchlten Getr\u00e4nken gab es eine rege Unterhaltung am Lagerfeuer. Gegen 21:30 Uhr begann dann neben der Halle das Fu\u00dfballspiel Kinder gegen V\u00e4ter. Dabei spielten 11 Erwachsene gegen 25 Kinder. Spieleinsatz war, dass die Gruppe der Unterlegenen direkt nach Spielende Schlafen gehen m\u00fcsste, was aber nicht so ernsthaft umgesetzt wurde. Danach ging es zur Nachtwanderung durch den Ort zum Friedhof und wieder zum Zeltplatz zur\u00fcck. Kurz nach Mitternacht begaben sich dann die ersten Teilnehmer in die Zelte \u2013 die letzten gingen gegen 2 Uhr.<\/p>\n<p>Am Sonntag um 8 Uhr gab es Fr\u00fchst\u00fcck. Hierzu waren auch die M\u00fctter und Geschwisterkinder eingeladen, sodass knapp 60 Personen unter dem Fallschirm Platz nahmen. Als dann die Zelte abgebaut wurden, verlie\u00dfen gegen 11 Uhr die letzten Teilnehmer das Sportplatzgel\u00e4nde.<br \/>\nZusammengefasst kann man sagen, dass es wieder eine gelungene Veranstaltung war.<br \/>\nIm Nachhinein wurde dann noch bekannt, dass auf Grund von Schlafmangel einige Teilnehmer einen ausgiebigen \u00a0Mittagschlaf abgehalten haben.<\/p>\n\n\t\t<style type=\"text\/css\">\n\t\t\t#gallery-1 {\n\t\t\t\tmargin: auto;\n\t\t\t}\n\t\t\t#gallery-1 .gallery-item {\n\t\t\t\tfloat: left;\n\t\t\t\tmargin-top: 10px;\n\t\t\t\ttext-align: center;\n\t\t\t\twidth: 25%;\n\t\t\t}\n\t\t\t#gallery-1 img {\n\t\t\t\tborder: 2px solid #cfcfcf;\n\t\t\t}\n\t\t\t#gallery-1 .gallery-caption {\n\t\t\t\tmargin-left: 0;\n\t\t\t}\n\t\t\t\/* see gallery_shortcode() in wp-includes\/media.php *\/\n\t\t<\/style>\n\t\t<div id='gallery-1' class='gallery galleryid-22281 gallery-columns-4 gallery-size-thumbnail'><dl class='gallery-item'>\n\t\t\t<dt class='gallery-icon landscape'>\n\t\t\t\t<a href='https:\/\/sw-osterfeine.de\/wp-content\/uploads\/2018\/07\/Hallo.jpg' title=\"\" data-rl_title=\"\" class=\"rl-gallery-link\" data-rl_caption=\"\" data-rel=\"lightbox-gallery-1\"><img loading=\"lazy\" decoding=\"async\" width=\"150\" height=\"150\" src=\"https:\/\/sw-osterfeine.de\/wp-content\/uploads\/2018\/07\/Hallo-150x150.jpg\" class=\"attachment-thumbnail size-thumbnail\" alt=\"\" \/><\/a>\n\t\t\t<\/dt><\/dl><dl class='gallery-item'>\n\t\t\t<dt class='gallery-icon landscape'>\n\t\t\t\t<a href='https:\/\/sw-osterfeine.de\/wp-content\/uploads\/2018\/07\/hallo3.jpg' title=\"\" data-rl_title=\"\" class=\"rl-gallery-link\" data-rl_caption=\"\" data-rel=\"lightbox-gallery-1\"><img loading=\"lazy\" decoding=\"async\" width=\"150\" height=\"150\" src=\"https:\/\/sw-osterfeine.de\/wp-content\/uploads\/2018\/07\/hallo3-150x150.jpg\" class=\"attachment-thumbnail size-thumbnail\" alt=\"\" \/><\/a>\n\t\t\t<\/dt><\/dl><dl class='gallery-item'>\n\t\t\t<dt class='gallery-icon landscape'>\n\t\t\t\t<a href='https:\/\/sw-osterfeine.de\/wp-content\/uploads\/2018\/07\/hallo6.jpg' title=\"\" data-rl_title=\"\" class=\"rl-gallery-link\" data-rl_caption=\"\" data-rel=\"lightbox-gallery-1\"><img loading=\"lazy\" decoding=\"async\" width=\"150\" height=\"150\" src=\"https:\/\/sw-osterfeine.de\/wp-content\/uploads\/2018\/07\/hallo6-150x150.jpg\" class=\"attachment-thumbnail size-thumbnail\" alt=\"\" \/><\/a>\n\t\t\t<\/dt><\/dl><dl class='gallery-item'>\n\t\t\t<dt class='gallery-icon landscape'>\n\t\t\t\t<a href='https:\/\/sw-osterfeine.de\/wp-content\/uploads\/2018\/07\/hallo7.jpg' title=\"\" data-rl_title=\"\" class=\"rl-gallery-link\" data-rl_caption=\"\" data-rel=\"lightbox-gallery-1\"><img loading=\"lazy\" decoding=\"async\" width=\"150\" height=\"150\" src=\"https:\/\/sw-osterfeine.de\/wp-content\/uploads\/2018\/07\/hallo7-150x150.jpg\" class=\"attachment-thumbnail size-thumbnail\" alt=\"\" \/><\/a>\n\t\t\t<\/dt><\/dl><br style=\"clear: both\" \/><dl class='gallery-item'>\n\t\t\t<dt class='gallery-icon portrait'>\n\t\t\t\t<a href='https:\/\/sw-osterfeine.de\/wp-content\/uploads\/2018\/07\/hallo8.jpg' title=\"\" data-rl_title=\"\" class=\"rl-gallery-link\" data-rl_caption=\"\" data-rel=\"lightbox-gallery-1\"><img loading=\"lazy\" decoding=\"async\" width=\"150\" height=\"150\" src=\"https:\/\/sw-osterfeine.de\/wp-content\/uploads\/2018\/07\/hallo8-150x150.jpg\" class=\"attachment-thumbnail size-thumbnail\" alt=\"\" \/><\/a>\n\t\t\t<\/dt><\/dl><dl class='gallery-item'>\n\t\t\t<dt class='gallery-icon landscape'>\n\t\t\t\t<a href='https:\/\/sw-osterfeine.de\/wp-content\/uploads\/2018\/07\/hallo9.jpg' title=\"\" data-rl_title=\"\" class=\"rl-gallery-link\" data-rl_caption=\"\" data-rel=\"lightbox-gallery-1\"><img loading=\"lazy\" decoding=\"async\" width=\"150\" height=\"150\" src=\"https:\/\/sw-osterfeine.de\/wp-content\/uploads\/2018\/07\/hallo9-150x150.jpg\" class=\"attachment-thumbnail size-thumbnail\" alt=\"\" \/><\/a>\n\t\t\t<\/dt><\/dl><dl class='gallery-item'>\n\t\t\t<dt class='gallery-icon landscape'>\n\t\t\t\t<a href='https:\/\/sw-osterfeine.de\/wp-content\/uploads\/2018\/07\/hallo10.jpg' title=\"\" data-rl_title=\"\" class=\"rl-gallery-link\" data-rl_caption=\"\" data-rel=\"lightbox-gallery-1\"><img loading=\"lazy\" decoding=\"async\" width=\"150\" height=\"150\" src=\"https:\/\/sw-osterfeine.de\/wp-content\/uploads\/2018\/07\/hallo10-150x150.jpg\" class=\"attachment-thumbnail size-thumbnail\" alt=\"\" \/><\/a>\n\t\t\t<\/dt><\/dl>\n\t\t\t<br style='clear: both' \/>\n\t\t<\/div>\n\n","protected":false},"excerpt":{"rendered":"<p>Am vergangenen Wochenende, also vom 14. bis 15. Juli 2018, fand nun schon zum 4. mal das V\u00e4ter-Kinder-Zelten auf dem Gel\u00e4nde des Sportvereins Schwarz-Weiss Osterfeine statt. Das Wetter h\u00e4tte nicht besser sein k\u00f6nnen. Teilgenommen haben 12 V\u00e4ter und 34 Kinder. Der Aufbau der Zelte begann am Samstag gegen 15:30 Uhr &#8211; ein Zelt gr\u00f6\u00dfer als [&hellip;]<\/p>\n","protected":false},"author":3,"featured_media":0,"comment_status":"closed","ping_status":"closed","sticky":false,"template":"","format":"standard","meta":{"footnotes":""},"categories":[37],"tags":[],"_links":{"self":[{"href":"https:\/\/sw-osterfeine.de\/index.php?rest_route=\/wp\/v2\/posts\/22281"}],"collection":[{"href":"https:\/\/sw-osterfeine.de\/index.php?rest_route=\/wp\/v2\/posts"}],"about":[{"href":"https:\/\/sw-osterfeine.de\/index.php?rest_route=\/wp\/v2\/types\/post"}],"author":[{"embeddable":true,"href":"https:\/\/sw-osterfeine.de\/index.php?rest_route=\/wp\/v2\/users\/3"}],"replies":[{"embeddable":true,"href":"https:\/\/sw-osterfeine.de\/index.php?rest_route=%2Fwp%2Fv2%2Fcomments&post=22281"}],"version-history":[{"count":3,"href":"https:\/\/sw-osterfeine.de\/index.php?rest_route=\/wp\/v2\/posts\/22281\/revisions"}],"predecessor-version":[{"id":22304,"href":"https:\/\/sw-osterfeine.de\/index.php?rest_route=\/wp\/v2\/posts\/22281\/revisions\/22304"}],"wp:attachment":[{"href":"https:\/\/sw-osterfeine.de\/index.php?rest_route=%2Fwp%2Fv2%2Fmedia&parent=22281"}],"wp:term":[{"taxonomy":"category","embeddable":true,"href":"https:\/\/sw-osterfeine.de\/index.php?rest_route=%2Fwp%2Fv2%2Fcategories&post=22281"},{"taxonomy":"post_tag","embeddable":true,"href":"https:\/\/sw-osterfeine.de\/index.php?rest_route=%2Fwp%2Fv2%2Ftags&post=22281"}],"curies":[{"name":"wp","href":"https:\/\/api.w.org\/{rel}","templated":true}]}}