{"id":22359,"date":"2018-07-30T12:29:35","date_gmt":"2018-07-30T10:29:35","guid":{"rendered":"http:\/\/sw-osterfeine.de\/?p=22359"},"modified":"2018-07-30T12:31:36","modified_gmt":"2018-07-30T10:31:36","slug":"9-volkslauf-rund-um-die-dersaburg","status":"publish","type":"post","link":"https:\/\/sw-osterfeine.de\/?p=22359","title":{"rendered":"9. Volkslauf rund um die Dersaburg"},"content":{"rendered":"<p>Alleine schon beim Lesen der Einladung zum Langenberger Volkslauf bilden sich kleine Schwei\u00dfperlen auf der Stirn, denn der Lauf hat es ordentlich in sich. So auch am vergangenen Sonntag, gef\u00fchlt 35\u00b0 im Schatten und eine Steigung die einem sehr viel abverlangt. Ein Gl\u00fcck das man ab und an ein wenig Wind abbekommen hat, gerade auf der langen Geraden zwischen den Maisfeldern. Die Idee im Ziel ein Eisgutschein anstelle einer Medaille zu erhalten erfreute bei der W\u00e4rme nicht nur die Kinder, sondern auch viele Erwachsene. Einige von Ihnen sprangen sogar nach dem Zieleinlauf in die, f\u00fcr die Sportwoche aufgestellten Planschbecken, um sich abzuk\u00fchlen. Bereits vor dem Lauf hatten wir Grund zur Freude, Antonius Schr\u00f6er aus Vechta hat sich endlich daf\u00fcr entschieden sich unserem Lauftreff anzuschlie\u00dfen. Mit Antonius haben wir einen weiteren erfahrenen L\u00e4ufer gewonnen, der nicht nur regelm\u00e4\u00dfig an vielen Volksl\u00e4ufen in und um Vechta teilnimmt, sondern auch einige Marathons hinter sich gebracht hat. Bereits Anfang der Woche haben wir 12 Laufeinsteiger aus unserem Anf\u00e4ngerkurs in unseren Kreis aufgenommen mit denen wir, zus\u00e4tzlich zu unserem Mittwochstraining, immer Montags eine gem\u00fctliche Runde drehen.<\/p>\n<p>Herzlich Willkommen,<\/p>\n<p>Christiane, Gudrun, Julia, Katharina, Katja, Kerstin H., Kerstin L., Maria, Marina K., Marina L., Marion und Sarah.<\/p>\n<p>Wir freuen auf ein paar gemeinsame Kilometer mit Euch.<\/p>\n<p>Am 04.08. geht\u2019s f\u00fcr uns nach Kettenkamp zum Sparkassencup und am 24.08. nach Damme um weitere Punkte f\u00fcr den Volksbankencup zu erlaufen.<\/p>\n<p>&nbsp;<\/p>\n<p>Ergebnisse im \u00dcberblick:<\/p>\n<p>&nbsp;<\/p>\n<p>3,5 Km Strecke<\/p>\n<p>Dennis Steinkamp\u00a0\u00a0\u00a0\u00a0\u00a0\u00a0\u00a0\u00a0\u00a0\u00a0\u00a0\u00a0\u00a0\u00a0\u00a0\u00a0\u00a0 16:35\u00a0\u00a0\u00a0\u00a0\u00a0\u00a0\u00a0\u00a0\u00a0\u00a0\u00a0\u00a0\u00a0\u00a0\u00a0\u00a0\u00a0\u00a0\u00a0\u00a0\u00a0\u00a0\u00a0\u00a0\u00a0 Gesamtplatz 6<\/p>\n<p>Jannik Steinkamp\u00a0\u00a0\u00a0\u00a0\u00a0\u00a0\u00a0\u00a0\u00a0\u00a0\u00a0\u00a0\u00a0\u00a0\u00a0\u00a0\u00a0\u00a0 20:17\u00a0\u00a0\u00a0\u00a0\u00a0\u00a0\u00a0\u00a0\u00a0\u00a0\u00a0\u00a0\u00a0\u00a0\u00a0\u00a0\u00a0\u00a0\u00a0\u00a0\u00a0\u00a0\u00a0\u00a0\u00a0 9<\/p>\n<p>5 Km Strecke<\/p>\n<p>Maria Robke-Piening\u00a0\u00a0\u00a0\u00a0\u00a0\u00a0\u00a0\u00a0\u00a0\u00a0\u00a0\u00a0 28:33\u00a0\u00a0\u00a0\u00a0\u00a0\u00a0\u00a0\u00a0\u00a0\u00a0\u00a0\u00a0\u00a0\u00a0\u00a0\u00a0\u00a0\u00a0\u00a0\u00a0\u00a0\u00a0\u00a0\u00a0\u00a0 6<\/p>\n<p>&nbsp;<\/p>\n<p>10 Km Strecke<\/p>\n<p>Marina Freking\u00a0\u00a0\u00a0\u00a0\u00a0\u00a0\u00a0\u00a0\u00a0\u00a0\u00a0\u00a0\u00a0\u00a0\u00a0\u00a0\u00a0\u00a0\u00a0\u00a0\u00a0\u00a0 01:05:40\u00a0\u00a0\u00a0\u00a0\u00a0\u00a0\u00a0\u00a0\u00a0\u00a0\u00a0\u00a0\u00a0\u00a0\u00a0\u00a0\u00a0\u00a0\u00a0\u00a0 19<\/p>\n<p>Dawid Wadulla\u00a0\u00a0\u00a0\u00a0\u00a0\u00a0\u00a0\u00a0\u00a0\u00a0\u00a0\u00a0\u00a0\u00a0\u00a0\u00a0\u00a0\u00a0\u00a0\u00a0\u00a0 45:01\u00a0\u00a0\u00a0\u00a0\u00a0\u00a0\u00a0\u00a0\u00a0\u00a0\u00a0\u00a0\u00a0\u00a0\u00a0\u00a0\u00a0\u00a0\u00a0\u00a0\u00a0\u00a0\u00a0\u00a0\u00a0 7<\/p>\n<p>Franz Steinkamp\u00a0\u00a0\u00a0\u00a0\u00a0\u00a0\u00a0\u00a0\u00a0\u00a0\u00a0\u00a0\u00a0\u00a0\u00a0\u00a0\u00a0\u00a0\u00a0 45:59\u00a0\u00a0\u00a0\u00a0\u00a0\u00a0\u00a0\u00a0\u00a0\u00a0\u00a0\u00a0\u00a0\u00a0\u00a0\u00a0\u00a0\u00a0\u00a0\u00a0\u00a0\u00a0\u00a0\u00a0\u00a0 8<\/p>\n<p>Andy Deters\u00a0\u00a0\u00a0\u00a0\u00a0\u00a0\u00a0\u00a0\u00a0\u00a0\u00a0\u00a0\u00a0\u00a0\u00a0\u00a0\u00a0\u00a0\u00a0\u00a0\u00a0\u00a0\u00a0\u00a0\u00a0 53:37\u00a0\u00a0\u00a0\u00a0\u00a0\u00a0\u00a0\u00a0\u00a0\u00a0\u00a0\u00a0\u00a0\u00a0\u00a0\u00a0\u00a0\u00a0\u00a0\u00a0\u00a0\u00a0\u00a0\u00a0\u00a0 32<\/p>\n<p>Richard Decker\u00a0\u00a0\u00a0\u00a0\u00a0\u00a0\u00a0\u00a0\u00a0\u00a0\u00a0\u00a0\u00a0\u00a0\u00a0\u00a0\u00a0\u00a0\u00a0\u00a0\u00a0 57:30\u00a0\u00a0\u00a0\u00a0\u00a0\u00a0\u00a0\u00a0\u00a0\u00a0\u00a0\u00a0\u00a0\u00a0\u00a0\u00a0\u00a0\u00a0\u00a0\u00a0\u00a0\u00a0\u00a0\u00a0\u00a0 45<\/p>\n<p>Olaf Dickmajer\u00a0\u00a0\u00a0\u00a0\u00a0\u00a0\u00a0\u00a0\u00a0\u00a0\u00a0\u00a0\u00a0\u00a0\u00a0\u00a0\u00a0\u00a0\u00a0\u00a0\u00a0 01:01:03\u00a0\u00a0\u00a0\u00a0\u00a0\u00a0\u00a0\u00a0\u00a0\u00a0\u00a0\u00a0\u00a0\u00a0\u00a0\u00a0\u00a0\u00a0\u00a0\u00a0 61<\/p>\n","protected":false},"excerpt":{"rendered":"<p>Alleine schon beim Lesen der Einladung zum Langenberger Volkslauf bilden sich kleine Schwei\u00dfperlen auf der Stirn, denn der Lauf hat es ordentlich in sich. So auch am vergangenen Sonntag, gef\u00fchlt 35\u00b0 im Schatten und eine Steigung die einem sehr viel abverlangt. Ein Gl\u00fcck das man ab und an ein wenig Wind abbekommen hat, gerade auf [&hellip;]<\/p>\n","protected":false},"author":3,"featured_media":0,"comment_status":"closed","ping_status":"closed","sticky":false,"template":"","format":"standard","meta":{"footnotes":""},"categories":[38],"tags":[],"_links":{"self":[{"href":"https:\/\/sw-osterfeine.de\/index.php?rest_route=\/wp\/v2\/posts\/22359"}],"collection":[{"href":"https:\/\/sw-osterfeine.de\/index.php?rest_route=\/wp\/v2\/posts"}],"about":[{"href":"https:\/\/sw-osterfeine.de\/index.php?rest_route=\/wp\/v2\/types\/post"}],"author":[{"embeddable":true,"href":"https:\/\/sw-osterfeine.de\/index.php?rest_route=\/wp\/v2\/users\/3"}],"replies":[{"embeddable":true,"href":"https:\/\/sw-osterfeine.de\/index.php?rest_route=%2Fwp%2Fv2%2Fcomments&post=22359"}],"version-history":[{"count":3,"href":"https:\/\/sw-osterfeine.de\/index.php?rest_route=\/wp\/v2\/posts\/22359\/revisions"}],"predecessor-version":[{"id":22362,"href":"https:\/\/sw-osterfeine.de\/index.php?rest_route=\/wp\/v2\/posts\/22359\/revisions\/22362"}],"wp:attachment":[{"href":"https:\/\/sw-osterfeine.de\/index.php?rest_route=%2Fwp%2Fv2%2Fmedia&parent=22359"}],"wp:term":[{"taxonomy":"category","embeddable":true,"href":"https:\/\/sw-osterfeine.de\/index.php?rest_route=%2Fwp%2Fv2%2Fcategories&post=22359"},{"taxonomy":"post_tag","embeddable":true,"href":"https:\/\/sw-osterfeine.de\/index.php?rest_route=%2Fwp%2Fv2%2Ftags&post=22359"}],"curies":[{"name":"wp","href":"https:\/\/api.w.org\/{rel}","templated":true}]}}